{"id":413892,"date":"2025-09-27T07:30:48","date_gmt":"2025-09-27T05:30:48","guid":{"rendered":"https:\/\/www.nbamaniacs.com\/de\/nachrichten\/clarke-rueckt-in-grizzlies-verletzungsliste-auf\/"},"modified":"2025-09-27T07:30:48","modified_gmt":"2025-09-27T05:30:48","slug":"clarke-rueckt-in-grizzlies-verletzungsliste-auf","status":"publish","type":"post","link":"https:\/\/www.nbamaniacs.com\/de\/nachrichten\/clarke-rueckt-in-grizzlies-verletzungsliste-auf\/","title":{"rendered":"Clarke r\u00fcckt in Grizzlies-Verletzungsliste auf"},"content":{"rendered":"<p>Die 25\u201326-Saison beginnt f\u00fcr die Memphis Grizzlies mit einer ganzen Reihe von Verletzungsproblemen. Die Franchise aus Tennessee hat verk\u00fcndet, dass sich Brandon Clarke wegen einer Sommerverletzung einer arthroskopischen Knie-OP unterziehen wird. Damit f\u00e4llt er zum Start der Spielzeit aus. Laut Shams Charania, Journalist bei <em>ESPN<\/em>, wird Clarke in sechs Wochen erneut untersucht. Erst dann kann das Team einen genaueren Zeitplan f\u00fcr seine R\u00fcckkehr festlegen.<\/p>\n<p>Clarke war in seiner Karriere bisher recht verletzungsanf\u00e4llig, absolvierte aber in der Saison 24\u201325 immerhin 64 Eins\u00e4tze. Trotzdem erlitt er eine Verletzung des hinteren Kreuzbands, die ihn das Saisonfinale und die vier Playoff-Spiele der Grizzlies verpassen lie\u00df \u2013 und das zum denkbar ung\u00fcnstigsten Zeitpunkt.<\/p>\n<h2 class=\"wp-block-heading\">Aldama steht allein<\/h2>\n<p>In seinen sechs Jahren in Memphis hat sich Brandon als extrem wichtiger Rotationsspieler etabliert. Sein Ausfall wiegt umso schwerer, weil er mit zwei weiteren Frontcourt-Verlusten f\u00fcr Iisalo zusammenf\u00e4llt. Tats\u00e4chlich gab es weitere schlechte Nachrichten: Die Grizzlies m\u00fcssen ohne Jaren Jackson Jr. und Zach Edey in die regul\u00e4re Saison starten.<\/p>\n<p>Jackson, der sich <a href=\"https:\/\/www.nbamaniacs.com\/noticias\/jaren-jackson-jr-quirofano-lesion\/\" target=\"_blank\" rel=\"noreferrer noopener\">diesen Sommer eine Fu\u00dfverletzung zugezogen hat<\/a>, wird voraussichtlich f\u00fcr etwa einen Monat bis eineinhalb Monate fehlen. Edey f\u00e4llt mit einem Kn\u00f6chelproblem sogar zwischen sechs und neun Monate aus. Damit ist der Frontcourt stark ausged\u00fcnnt. Santi Aldama \u2013 kein echter Center \u2013 und Jock Landale, sonst eine tiefere Bankoption, sind praktisch die einzigen Spieler, die den <em>Center<\/em> besetzen k\u00f6nnen.<\/p>\n<p><em>(Titelbild: Vincent Carchietta-Imagn Images)<\/em><\/p>\n","protected":false},"excerpt":{"rendered":"<p>Die 25\u201326-Saison beginnt f\u00fcr die Memphis Grizzlies mit einer ganzen Reihe von Verletzungsproblemen. Die Franchise aus Tennessee hat verk\u00fcndet, dass sich Brandon Clarke wegen einer &#8230; <a title=\"Clarke r\u00fcckt in Grizzlies-Verletzungsliste auf\" class=\"read-more\" href=\"https:\/\/www.nbamaniacs.com\/de\/nachrichten\/clarke-rueckt-in-grizzlies-verletzungsliste-auf\/\" aria-label=\"Mehr Informationen \u00fcber Clarke r\u00fcckt in Grizzlies-Verletzungsliste auf\">Mehr lesen<\/a><\/p>\n","protected":false},"author":14497,"featured_media":413891,"comment_status":"closed","ping_status":"","sticky":false,"template":"","format":"standard","meta":{"ub_ctt_via":"","footnotes":""},"categories":[6],"tags":[3935,3793,86,5329],"class_list":["post-413892","post","type-post","status-publish","format-standard","has-post-thumbnail","hentry","category-nachrichten","tag-brandon-clarke","tag-jaren-jackson-jr","tag-memphis-grizzlies","tag-zach-edey","no-featured-image-padding","resize-featured-image"],"featured_image_src":"https:\/\/www.nbamaniacs.com\/de\/wp-content\/uploads\/2025\/09\/brandon-clarke-gl-anzt-in-memphis.jpg","author_info":{"display_name":"Niko Jens Schwann","author_link":"https:\/\/www.nbamaniacs.com\/de\/autor\/niko-jens-schwann\/"},"_links":{"self":[{"href":"https:\/\/www.nbamaniacs.com\/de\/wp-json\/wp\/v2\/posts\/413892","targetHints":{"allow":["GET"]}}],"collection":[{"href":"https:\/\/www.nbamaniacs.com\/de\/wp-json\/wp\/v2\/posts"}],"about":[{"href":"https:\/\/www.nbamaniacs.com\/de\/wp-json\/wp\/v2\/types\/post"}],"author":[{"embeddable":true,"href":"https:\/\/www.nbamaniacs.com\/de\/wp-json\/wp\/v2\/users\/14497"}],"replies":[{"embeddable":true,"href":"https:\/\/www.nbamaniacs.com\/de\/wp-json\/wp\/v2\/comments?post=413892"}],"version-history":[{"count":0,"href":"https:\/\/www.nbamaniacs.com\/de\/wp-json\/wp\/v2\/posts\/413892\/revisions"}],"wp:featuredmedia":[{"embeddable":true,"href":"https:\/\/www.nbamaniacs.com\/de\/wp-json\/wp\/v2\/media\/413891"}],"wp:attachment":[{"href":"https:\/\/www.nbamaniacs.com\/de\/wp-json\/wp\/v2\/media?parent=413892"}],"wp:term":[{"taxonomy":"category","embeddable":true,"href":"https:\/\/www.nbamaniacs.com\/de\/wp-json\/wp\/v2\/categories?post=413892"},{"taxonomy":"post_tag","embeddable":true,"href":"https:\/\/www.nbamaniacs.com\/de\/wp-json\/wp\/v2\/tags?post=413892"}],"curies":[{"name":"wp","href":"https:\/\/api.w.org\/{rel}","templated":true}]}}