{"id":413931,"date":"2025-09-29T19:11:28","date_gmt":"2025-09-29T17:11:28","guid":{"rendered":"https:\/\/www.nbamaniacs.com\/de\/nachrichten\/pacers-ohne-tyrese-haliburton-koennen-sie-aufbluehen\/"},"modified":"2025-09-29T19:11:28","modified_gmt":"2025-09-29T17:11:28","slug":"pacers-ohne-tyrese-haliburton-koennen-sie-aufbluehen","status":"publish","type":"post","link":"https:\/\/www.nbamaniacs.com\/de\/nachrichten\/pacers-ohne-tyrese-haliburton-koennen-sie-aufbluehen\/","title":{"rendered":"Pacers ohne Tyrese Haliburton: K\u00f6nnen sie aufbl\u00fchen?"},"content":{"rendered":"<p>Die Indiana Pacers kommen von einem zweiten Platz, stehen nun aber vor einer Saison, in der kaum jemand hohe Erwartungen an sie hat. Ihr Hauptziel ist es, ein Fundament zu legen, auf dem sie weiter aufbauen k\u00f6nnen, sobald Tyrese Haliburton zur\u00fcckkehrt. Benedict Mathurin wird in der Starting Lineup stehen, und Andrew Nembhard \u00fcbernimmt die Rolle des prim\u00e4ren Playmakers \u2013 zwei Aufgaben, die sich nach Ansicht von Rick Carlisle auszahlen sollen.<\/p>\n<p>Da Media Day anstand, war es die perfekte Gelegenheit, diese Bedenken anzusprechen. Auch Haliburton trat vor Mikrofone und Kameras, um \u00fcber seine Offseason und die kommenden Herausforderungen zu sprechen. \u201eIch werde eine andere Perspektive auf das Geschehen auf dem Court haben. Ich sehe die Dinge fast wie ein Coach. W\u00e4hrend meiner Auszeit dieses Jahr werde ich Basketball auf eine neue Weise verarbeiten k\u00f6nnen\u201c, <a href=\"https:\/\/x.com\/NBA\/status\/1972676216386732459\" target=\"_blank\" rel=\"noreferrer noopener nofollow\">sagte<\/a> der Spieler und machte klar, dass er in dieser Saison nicht zur\u00fcckkehren will \u2013 anders als die Spekulationen rund um Jayson Tatum vermuten lie\u00dfen.<\/p>\n<p>Haliburton betonte, wie hart dieser Sommer mental f\u00fcr ihn war, und erw\u00e4hnte, dass er nicht einmal einen einzigen Clip der letztj\u00e4hrigen Playoffs anschauen konnte.<\/p>\n<div style=\"height:30px\" aria-hidden=\"true\" class=\"wp-block-spacer\"><\/div>\n<figure class=\"wp-block-embed is-type-rich is-provider-twitter wp-block-embed-twitter\">\n<div class=\"wp-block-embed__wrapper\">\n<blockquote class=\"twitter-tweet\" data-width=\"550\" data-dnt=\"true\">\n<p lang=\"de\" dir=\"ltr\">Haliburton sagt, er habe sich keine Playoff-Spiele angeschaut, weil es schwierig ist, wie es endete. Aber er sagt auch, dass es etwas Besonderes war und \u201ees ist eine gro\u00dfartige Zeit f\u00fcr den Sport in Indiana.\u201c <a href=\"https:\/\/t.co\/tNd9GQowYz\" rel=\"nofollow\">pic.twitter.com\/tNd9GQowYz<\/a><\/p>\n<p>&mdash; Tyler Smith (@TylerSmith_ISL) <a href=\"https:\/\/twitter.com\/TylerSmith_ISL\/status\/1972672051568681299?ref_src=twsrc%5Etfw\" target=\"_blank\" rel=\"noopener nofollow\">September 29, 2025<\/a><\/p><\/blockquote>\n<p><script async src=\"https:\/\/platform.twitter.com\/widgets.js\" charset=\"utf-8\"><\/script>\n<\/div>\n<\/figure>\n<div style=\"height:30px\" aria-hidden=\"true\" class=\"wp-block-spacer\"><\/div>\n<p>\u201eOffensichtlich wird es ein hartes Jahr ohne Ty\u201c, sagte TJ McConnel. \u201eDu kannst ihn nicht ersetzen. Wir m\u00fcssen uns auf die Kultur konzentrieren, die wir aufgebaut haben, auf unseren Spielstil. Der Standard ist der Standard.\u201c Unterdessen will Pascal Siakam die Saison nicht abschreiben. \u201eIch will, dass dieses Team Erfolg hat. Ich will, dass das funktioniert.\u201c<\/p>\n<p><em>(Cover photo by Alonzo Adams-Imagn Images)<\/em><\/p>\n","protected":false},"excerpt":{"rendered":"<p>Die Indiana Pacers kommen von einem zweiten Platz, stehen nun aber vor einer Saison, in der kaum jemand hohe Erwartungen an sie hat. Ihr Hauptziel &#8230; <a title=\"Pacers ohne Tyrese Haliburton: K\u00f6nnen sie aufbl\u00fchen?\" class=\"read-more\" href=\"https:\/\/www.nbamaniacs.com\/de\/nachrichten\/pacers-ohne-tyrese-haliburton-koennen-sie-aufbluehen\/\" aria-label=\"Mehr Informationen \u00fcber Pacers ohne Tyrese Haliburton: K\u00f6nnen sie aufbl\u00fchen?\">Mehr lesen<\/a><\/p>\n","protected":false},"author":14497,"featured_media":413930,"comment_status":"closed","ping_status":"","sticky":false,"template":"","format":"standard","meta":{"ub_ctt_via":"","footnotes":""},"categories":[6],"tags":[119,4219],"class_list":["post-413931","post","type-post","status-publish","format-standard","has-post-thumbnail","hentry","category-nachrichten","tag-indiana-pacers","tag-tyrese-haliburton","no-featured-image-padding","resize-featured-image"],"featured_image_src":"https:\/\/www.nbamaniacs.com\/de\/wp-content\/uploads\/2025\/09\/ty-haliburton-f-uhrt-pacers-zum-klaren-sieg.jpg","author_info":{"display_name":"Niko Jens Schwann","author_link":"https:\/\/www.nbamaniacs.com\/de\/autor\/niko-jens-schwann\/"},"_links":{"self":[{"href":"https:\/\/www.nbamaniacs.com\/de\/wp-json\/wp\/v2\/posts\/413931","targetHints":{"allow":["GET"]}}],"collection":[{"href":"https:\/\/www.nbamaniacs.com\/de\/wp-json\/wp\/v2\/posts"}],"about":[{"href":"https:\/\/www.nbamaniacs.com\/de\/wp-json\/wp\/v2\/types\/post"}],"author":[{"embeddable":true,"href":"https:\/\/www.nbamaniacs.com\/de\/wp-json\/wp\/v2\/users\/14497"}],"replies":[{"embeddable":true,"href":"https:\/\/www.nbamaniacs.com\/de\/wp-json\/wp\/v2\/comments?post=413931"}],"version-history":[{"count":0,"href":"https:\/\/www.nbamaniacs.com\/de\/wp-json\/wp\/v2\/posts\/413931\/revisions"}],"wp:featuredmedia":[{"embeddable":true,"href":"https:\/\/www.nbamaniacs.com\/de\/wp-json\/wp\/v2\/media\/413930"}],"wp:attachment":[{"href":"https:\/\/www.nbamaniacs.com\/de\/wp-json\/wp\/v2\/media?parent=413931"}],"wp:term":[{"taxonomy":"category","embeddable":true,"href":"https:\/\/www.nbamaniacs.com\/de\/wp-json\/wp\/v2\/categories?post=413931"},{"taxonomy":"post_tag","embeddable":true,"href":"https:\/\/www.nbamaniacs.com\/de\/wp-json\/wp\/v2\/tags?post=413931"}],"curies":[{"name":"wp","href":"https:\/\/api.w.org\/{rel}","templated":true}]}}