{"id":413952,"date":"2025-10-01T09:08:49","date_gmt":"2025-10-01T07:08:49","guid":{"rendered":"https:\/\/www.nbamaniacs.com\/de\/nachrichten\/deaaron-fox-koennte-den-saisonstart-verpassen\/"},"modified":"2025-10-01T09:08:49","modified_gmt":"2025-10-01T07:08:49","slug":"deaaron-fox-koennte-den-saisonstart-verpassen","status":"publish","type":"post","link":"https:\/\/www.nbamaniacs.com\/de\/nachrichten\/deaaron-fox-koennte-den-saisonstart-verpassen\/","title":{"rendered":"De\u2019Aaron Fox k\u00f6nnte den Saisonstart verpassen"},"content":{"rendered":"<p>Die San Antonio Spurs m\u00fcssen die Saison 2025\u201326 m\u00f6glicherweise ohne De\u2019Aaron Fox beginnen. In den Media-Day-Interviews gab der Point Guard bekannt, dass er neben der Operation am linken kleinen Finger, die <a href=\"https:\/\/www.nbamaniacs.com\/noticias\/deaaron-fox-no-jugar-temporada\/\" target=\"_blank\" rel=\"noreferrer noopener\">seine letzte Saison vorzeitig beendete<\/a>, auch mit einer Sehnenverletzung im rechten Bein zu k\u00e4mpfen hat. Obwohl er sagt, dass es ihm gut geht, agiert das medizinische Team vorsichtig.<\/p>\n<p>\u201eWir gehen es Tag f\u00fcr Tag an, aber ich f\u00fchle mich gro\u00dfartig\u201c, sagte er zu seinen Verletzungen. \u201eIch glaube nicht, dass ich f\u00fcr die Preseason oder Opening Night bereit bin. Naja, ich f\u00fchle mich zwar bereit, aber ich bin nicht der Experte. Wir werden sehen, wie es l\u00e4uft. Ich glaube, ich k\u00f6nnte jetzt sofort spielen.\u201c<\/p>\n<blockquote class=\"twitter-tweet\">\n<p lang=\"en\" dir=\"ltr\">De\u2019Aaron Fox sagt, er glaubt nicht, dass er f\u00fcr das Opening-Night-Spiel der Spurs bei den Mavs n\u00e4chsten Monat einsatzbereit sein wird. Fox hat eine Verletzung im rechten Oberschenkel und erholt sich parallel von einer Operation am linken kleinen Finger, die seine letzte Saison im M\u00e4rz fr\u00fchzeitig beendete. Die Spurs sind ohnehin schon\u2026 <a href=\"https:\/\/t.co\/ouDSe6czZT\" rel=\"nofollow\">pic.twitter.com\/ouDSe6czZT<\/a><\/p>\n<p>&mdash; Jared Weiss (@JaredWeissNBA) <a href=\"https:\/\/twitter.com\/JaredWeissNBA\/status\/1972709754888753521?ref_src=twsrc%5Etfw\" target=\"_blank\" rel=\"noopener nofollow\">September 29, 2025<\/a><\/p><\/blockquote>\n<p> <script async src=\"https:\/\/platform.twitter.com\/widgets.js\" charset=\"utf-8\"><\/script><\/p>\n<p>Zu h\u00f6ren, wie Fox in diesen Worten \u00fcber seine Verf\u00fcgbarkeit spricht, ist ein gutes Zeichen. Es zeigt, dass er zwar vielleicht noch nicht so weit ist, wie er glaubt, seine Genesung aber in die richtige Richtung verl\u00e4uft. Da kein Grund zur Eile besteht, warten die Spurs verst\u00e4ndlicherweise, bis er vollst\u00e4ndig genesen ist. Und es sieht nicht danach aus, als w\u00fcrde das deutlich sp\u00e4ter als zur Opening Night passieren.<\/p>\n<p>An jenem Abend trifft San Antonio auf die Dallas Mavericks \u2013 ein Duell, das einen guten Gradmesser f\u00fcr die Playoff-Aussichten liefert. Ohne Fox und mit einer m\u00f6glichen Absenz von Dylan Harper k\u00f6nnte das Team jedoch etwas geschw\u00e4cht in diese Partie gehen.<\/p>\n<p><em>(Titelbild: Jesse Johnson-Imagn Images)<\/em><\/p>\n","protected":false},"excerpt":{"rendered":"<p>Die San Antonio Spurs m\u00fcssen die Saison 2025\u201326 m\u00f6glicherweise ohne De\u2019Aaron Fox beginnen. In den Media-Day-Interviews gab der Point Guard bekannt, dass er neben der &#8230; <a title=\"De\u2019Aaron Fox k\u00f6nnte den Saisonstart verpassen\" class=\"read-more\" href=\"https:\/\/www.nbamaniacs.com\/de\/nachrichten\/deaaron-fox-koennte-den-saisonstart-verpassen\/\" aria-label=\"Mehr Informationen \u00fcber De\u2019Aaron Fox k\u00f6nnte den Saisonstart verpassen\">Mehr lesen<\/a><\/p>\n","protected":false},"author":14497,"featured_media":413951,"comment_status":"closed","ping_status":"","sticky":false,"template":"","format":"standard","meta":{"ub_ctt_via":"","footnotes":""},"categories":[6],"tags":[5462,20],"class_list":["post-413952","post","type-post","status-publish","format-standard","has-post-thumbnail","hentry","category-nachrichten","tag-deaaron-fox-2","tag-san-antonio-spurs","no-featured-image-padding","resize-featured-image"],"featured_image_src":"https:\/\/www.nbamaniacs.com\/de\/wp-content\/uploads\/2025\/10\/de-aaron-fox-befeuert-die-kings.jpg","author_info":{"display_name":"Niko Jens Schwann","author_link":"https:\/\/www.nbamaniacs.com\/de\/autor\/niko-jens-schwann\/"},"_links":{"self":[{"href":"https:\/\/www.nbamaniacs.com\/de\/wp-json\/wp\/v2\/posts\/413952","targetHints":{"allow":["GET"]}}],"collection":[{"href":"https:\/\/www.nbamaniacs.com\/de\/wp-json\/wp\/v2\/posts"}],"about":[{"href":"https:\/\/www.nbamaniacs.com\/de\/wp-json\/wp\/v2\/types\/post"}],"author":[{"embeddable":true,"href":"https:\/\/www.nbamaniacs.com\/de\/wp-json\/wp\/v2\/users\/14497"}],"replies":[{"embeddable":true,"href":"https:\/\/www.nbamaniacs.com\/de\/wp-json\/wp\/v2\/comments?post=413952"}],"version-history":[{"count":0,"href":"https:\/\/www.nbamaniacs.com\/de\/wp-json\/wp\/v2\/posts\/413952\/revisions"}],"wp:featuredmedia":[{"embeddable":true,"href":"https:\/\/www.nbamaniacs.com\/de\/wp-json\/wp\/v2\/media\/413951"}],"wp:attachment":[{"href":"https:\/\/www.nbamaniacs.com\/de\/wp-json\/wp\/v2\/media?parent=413952"}],"wp:term":[{"taxonomy":"category","embeddable":true,"href":"https:\/\/www.nbamaniacs.com\/de\/wp-json\/wp\/v2\/categories?post=413952"},{"taxonomy":"post_tag","embeddable":true,"href":"https:\/\/www.nbamaniacs.com\/de\/wp-json\/wp\/v2\/tags?post=413952"}],"curies":[{"name":"wp","href":"https:\/\/api.w.org\/{rel}","templated":true}]}}