{"id":414001,"date":"2025-10-02T16:00:00","date_gmt":"2025-10-02T14:00:00","guid":{"rendered":"https:\/\/www.nbamaniacs.com\/de\/nachrichten\/steve-kerr-bestreitet-probleme-mit-kuminga\/"},"modified":"2025-10-02T16:00:00","modified_gmt":"2025-10-02T14:00:00","slug":"steve-kerr-bestreitet-probleme-mit-kuminga","status":"publish","type":"post","link":"https:\/\/www.nbamaniacs.com\/de\/nachrichten\/steve-kerr-bestreitet-probleme-mit-kuminga\/","title":{"rendered":"Steve Kerr bestreitet Probleme mit Kuminga"},"content":{"rendered":"<p>Die Saga um Jonathan Kuminga fand am 1. Oktober ihr Ende, als <a href=\"https:\/\/www.nbamaniacs.com\/noticias\/jonathan-kuminga-renueva-con-warriors\/\">er einer Verl\u00e4ngerung bei den Warriors<\/a> \u00fcber <strong>2 Jahre und 48,5 Millionen Dollar<\/strong> zustimmte.<\/p>\n<p>Nach viel Hin und Her, abgelehnten Angeboten und sogar ein paar Trade-Anfragen wird der junge Forward bei der Franchise aus San Francisco bleiben.<\/p>\n<p>Kuminga, sein Agent und das Front Office der Warriors durchliefen eine angespannte Phase; allerdings schritt Steve Kerr ein und stellte klar, dass er keine Probleme mit dem jungen Spieler hat.<\/p>\n<p>\u201cJimmy (Butler) ist ein Alpha. Steph (Curry) ist ein Alpha, und Draymond (Green) ist ein Alpha. Sie f\u00fchren die Kabine. Ich mache mir \u00fcberhaupt keine Sorgen,\u201d sagte Kerr <em>ESPN<\/em>.<\/p>\n<p>Jetzt, da seine Zukunft bei den Warriors gesichert ist, betont der Coach, dass er noch pers\u00f6nlich mit Kuminga sprechen will, um dessen Stimmung zu verstehen und vor allem seine k\u00fcnftige Rolle zu kl\u00e4ren.<\/p>\n<p>\u201cEs ist vielleicht nicht der Vertrag, den er sich erhofft hatte, aber es ist eine Summe, die das Leben ver\u00e4ndert,\u201d merkte Kerr an.<\/p>\n<p>\u201cDer Plan ist, dass er sich verbessert, der Spieler wird, der er sein will, und weitere Vertr\u00e4ge unterzeichnet\u2026 Darauf muss er sich konzentrieren \u2013 darauf, besser zu werden. Ich muss mich auch verbessern. Genau das hat ihn zur\u00fcckgehalten: was wir brauchen versus dem, was er tun will. Das war definitiv ein Problem f\u00fcr alle,\u201d schloss er ab.<\/p>\n<p>In 47 Spielen in der vergangenen Saison legte er durchschnittlich <strong>15,3 Punkte, 4,6 Rebounds und 2,2 Assists<\/strong> auf.<\/p>\n<p><em>(Cover photo: Imagn Images)<\/em><\/p>\n","protected":false},"excerpt":{"rendered":"<p>Die Saga um Jonathan Kuminga fand am 1. Oktober ihr Ende, als er einer Verl\u00e4ngerung bei den Warriors \u00fcber 2 Jahre und 48,5 Millionen Dollar &#8230; <a title=\"Steve Kerr bestreitet Probleme mit Kuminga\" class=\"read-more\" href=\"https:\/\/www.nbamaniacs.com\/de\/nachrichten\/steve-kerr-bestreitet-probleme-mit-kuminga\/\" aria-label=\"Mehr Informationen \u00fcber Steve Kerr bestreitet Probleme mit Kuminga\">Mehr lesen<\/a><\/p>\n","protected":false},"author":14497,"featured_media":414000,"comment_status":"closed","ping_status":"","sticky":false,"template":"","format":"standard","meta":{"ub_ctt_via":"","footnotes":""},"categories":[6],"tags":[26,4557,651],"class_list":["post-414001","post","type-post","status-publish","format-standard","has-post-thumbnail","hentry","category-nachrichten","tag-golden-state-warriors","tag-jonathan-kuminga","tag-steve-kerr","no-featured-image-padding","resize-featured-image"],"featured_image_src":"https:\/\/www.nbamaniacs.com\/de\/wp-content\/uploads\/2025\/10\/keine-bersetzung-m-oglich-kein-spanischer-text.jpg","author_info":{"display_name":"Niko Jens Schwann","author_link":"https:\/\/www.nbamaniacs.com\/de\/autor\/niko-jens-schwann\/"},"_links":{"self":[{"href":"https:\/\/www.nbamaniacs.com\/de\/wp-json\/wp\/v2\/posts\/414001","targetHints":{"allow":["GET"]}}],"collection":[{"href":"https:\/\/www.nbamaniacs.com\/de\/wp-json\/wp\/v2\/posts"}],"about":[{"href":"https:\/\/www.nbamaniacs.com\/de\/wp-json\/wp\/v2\/types\/post"}],"author":[{"embeddable":true,"href":"https:\/\/www.nbamaniacs.com\/de\/wp-json\/wp\/v2\/users\/14497"}],"replies":[{"embeddable":true,"href":"https:\/\/www.nbamaniacs.com\/de\/wp-json\/wp\/v2\/comments?post=414001"}],"version-history":[{"count":0,"href":"https:\/\/www.nbamaniacs.com\/de\/wp-json\/wp\/v2\/posts\/414001\/revisions"}],"wp:featuredmedia":[{"embeddable":true,"href":"https:\/\/www.nbamaniacs.com\/de\/wp-json\/wp\/v2\/media\/414000"}],"wp:attachment":[{"href":"https:\/\/www.nbamaniacs.com\/de\/wp-json\/wp\/v2\/media?parent=414001"}],"wp:term":[{"taxonomy":"category","embeddable":true,"href":"https:\/\/www.nbamaniacs.com\/de\/wp-json\/wp\/v2\/categories?post=414001"},{"taxonomy":"post_tag","embeddable":true,"href":"https:\/\/www.nbamaniacs.com\/de\/wp-json\/wp\/v2\/tags?post=414001"}],"curies":[{"name":"wp","href":"https:\/\/api.w.org\/{rel}","templated":true}]}}