{"id":414093,"date":"2025-10-11T11:00:00","date_gmt":"2025-10-11T09:00:00","guid":{"rendered":"https:\/\/www.nbamaniacs.com\/de\/nachrichten\/jason-kidd-ebnet-weg-fuer-kyrie-ersatz\/"},"modified":"2025-10-11T11:00:00","modified_gmt":"2025-10-11T09:00:00","slug":"jason-kidd-ebnet-weg-fuer-kyrie-ersatz","status":"publish","type":"post","link":"https:\/\/www.nbamaniacs.com\/de\/nachrichten\/jason-kidd-ebnet-weg-fuer-kyrie-ersatz\/","title":{"rendered":"Jason Kidd ebnet Weg f\u00fcr Kyrie-Ersatz"},"content":{"rendered":"<p>Als die Dallas Mavericks Anthony Davis verpflichteten, glaubten sie, er w\u00fcrde mit Kyrie Irving ein fantastisches Duo bilden. Doch dieser Plan scheiterte, als sich der All-Star-Guard das Kreuzband im linken Knie riss. Sie haben die Idee nicht aufgegeben, doch Jason Kidd hat eine Strategie, um den Ausfall seines Stars zu kompensieren.<\/p>\n<p>Mit dem vorhandenen Kader verfolgen sie einen logischen Plan: D\u2019Angelo Russell wird als Starting Point Guard auflaufen, dahinter bekommt Brandon Williams seine Minuten. Der Mavs-Head-Coach will Williams eine gr\u00f6\u00dfere Rolle geben, in der Hoffnung, dass er sich zu einem Schl\u00fcsselelement seines Systems entwickelt.<\/p>\n<p>Der in Los Angeles geborene Point Guard legte letzte Saison starke Werte auf. Er beendete sie mit 8,3 Punkten und 2,3 Assists pro Spiel bei einer Dreierquote von 40 Prozent. In der Las Vegas Summer League setzte er diesen Lauf fort und markierte 16 Punkte und 4,5 Assists. Kidd ist \u00fcberzeugt, dass jetzt der Moment f\u00fcr den n\u00e4chsten Schritt in der NBA gekommen ist.<\/p>\n<div style=\"height:30px\" aria-hidden=\"true\" class=\"wp-block-spacer\"><\/div>\n<figure class=\"wp-block-embed is-type-video is-provider-youtube wp-block-embed-youtube wp-embed-aspect-16-9 wp-has-aspect-ratio\">\n<div class=\"wp-block-embed__wrapper\">\n<iframe title=\"Brandon Williams (31 Points) Highlights vs. Memphis Grizzlies | March 7, 2025\" width=\"1200\" height=\"675\" src=\"https:\/\/www.youtube.com\/embed\/PVF3UgugbCk?feature=oembed\" frameborder=\"0\" allow=\"accelerometer; autoplay; clipboard-write; encrypted-media; gyroscope; picture-in-picture; web-share\" referrerpolicy=\"strict-origin-when-cross-origin\" allowfullscreen><\/iframe>\n<\/div>\n<\/figure>\n<div style=\"height:30px\" aria-hidden=\"true\" class=\"wp-block-spacer\"><\/div>\n<p>\u201eIch finde, dass er am Ende des Sommers auf sehr hohem Niveau gespielt hat. Wenn er gesund ist, macht er den Gegnern das Leben schwer. Ich hoffe, er entwickelt sich weiter. Er ist ein Spieler, der das Tempo und den Spielstand versteht \u2013 und genau wei\u00df, wie wir angreifen. Wenn wir den Ball haben, muss er f\u00fchren. Das muss er uns in dieser Saison wieder zeigen\u201c, sagt er.<\/p>\n<h2 class=\"wp-block-heading\">Eine ung\u00fcnstige Verletzung st\u00f6rt die Pl\u00e4ne<\/h2>\n<p>Gerade als bei Brandon Williams alles nach Plan lief, zog er sich eine Zerrung an der Oberschenkelr\u00fcckseite zu, wie Kidd am 1. Oktober mitteilte. Zun\u00e4chst hie\u00df es, er k\u00f6nne in einer Woche zur\u00fcckkehren. Doch der Spieler selbst predigt Geduld, was einen m\u00f6glichen Einsatz heute Nacht gegen die Charlotte Hornets angeht. \u201eIch gehe es Tag f\u00fcr Tag an\u201c, erkl\u00e4rt er.<\/p>\n<p><em>(Photo by Jerome Miron-Imagn Images)<\/em><\/p>\n","protected":false},"excerpt":{"rendered":"<p>Als die Dallas Mavericks Anthony Davis verpflichteten, glaubten sie, er w\u00fcrde mit Kyrie Irving ein fantastisches Duo bilden. Doch dieser Plan scheiterte, als sich der &#8230; <a title=\"Jason Kidd ebnet Weg f\u00fcr Kyrie-Ersatz\" class=\"read-more\" href=\"https:\/\/www.nbamaniacs.com\/de\/nachrichten\/jason-kidd-ebnet-weg-fuer-kyrie-ersatz\/\" aria-label=\"Mehr Informationen \u00fcber Jason Kidd ebnet Weg f\u00fcr Kyrie-Ersatz\">Mehr lesen<\/a><\/p>\n","protected":false},"author":14497,"featured_media":414092,"comment_status":"closed","ping_status":"","sticky":false,"template":"","format":"standard","meta":{"ub_ctt_via":"","footnotes":""},"categories":[6],"tags":[40,662],"class_list":["post-414093","post","type-post","status-publish","format-standard","has-post-thumbnail","hentry","category-nachrichten","tag-jason-kidd","tag-kyrie-irving","no-featured-image-padding","resize-featured-image"],"featured_image_src":"https:\/\/www.nbamaniacs.com\/de\/wp-content\/uploads\/2025\/10\/jason-kidd-kehrt-am-samstag-zur-uck.jpg","author_info":{"display_name":"Niko Jens Schwann","author_link":"https:\/\/www.nbamaniacs.com\/de\/autor\/niko-jens-schwann\/"},"_links":{"self":[{"href":"https:\/\/www.nbamaniacs.com\/de\/wp-json\/wp\/v2\/posts\/414093","targetHints":{"allow":["GET"]}}],"collection":[{"href":"https:\/\/www.nbamaniacs.com\/de\/wp-json\/wp\/v2\/posts"}],"about":[{"href":"https:\/\/www.nbamaniacs.com\/de\/wp-json\/wp\/v2\/types\/post"}],"author":[{"embeddable":true,"href":"https:\/\/www.nbamaniacs.com\/de\/wp-json\/wp\/v2\/users\/14497"}],"replies":[{"embeddable":true,"href":"https:\/\/www.nbamaniacs.com\/de\/wp-json\/wp\/v2\/comments?post=414093"}],"version-history":[{"count":0,"href":"https:\/\/www.nbamaniacs.com\/de\/wp-json\/wp\/v2\/posts\/414093\/revisions"}],"wp:featuredmedia":[{"embeddable":true,"href":"https:\/\/www.nbamaniacs.com\/de\/wp-json\/wp\/v2\/media\/414092"}],"wp:attachment":[{"href":"https:\/\/www.nbamaniacs.com\/de\/wp-json\/wp\/v2\/media?parent=414093"}],"wp:term":[{"taxonomy":"category","embeddable":true,"href":"https:\/\/www.nbamaniacs.com\/de\/wp-json\/wp\/v2\/categories?post=414093"},{"taxonomy":"post_tag","embeddable":true,"href":"https:\/\/www.nbamaniacs.com\/de\/wp-json\/wp\/v2\/tags?post=414093"}],"curies":[{"name":"wp","href":"https:\/\/api.w.org\/{rel}","templated":true}]}}