{"id":414137,"date":"2025-10-14T08:00:51","date_gmt":"2025-10-14T06:00:51","guid":{"rendered":"https:\/\/www.nbamaniacs.com\/de\/nachrichten\/jason-kidd-fordert-cooper-flagg-heraus\/"},"modified":"2025-10-14T08:00:51","modified_gmt":"2025-10-14T06:00:51","slug":"jason-kidd-fordert-cooper-flagg-heraus","status":"publish","type":"post","link":"https:\/\/www.nbamaniacs.com\/de\/nachrichten\/jason-kidd-fordert-cooper-flagg-heraus\/","title":{"rendered":"Jason Kidd fordert Cooper Flagg heraus"},"content":{"rendered":"<p>Endlich ist es so weit! Nach einem langen Sommer (und einem Teil des Herbstes) kehrt die NBA zur\u00fcck, damit die Fans der Liga eine weitere herausragende Saison genie\u00dfen k\u00f6nnen\u2014eine, in der die Western Conference, bis an die Z\u00e4hne bewaffnet, wohl wieder fast alle Blicke auf sich zieht. Und als w\u00e4re das nicht genug, gibt es da auch noch <a href=\"https:\/\/www.nbamaniacs.com\/cooper-flagg\/\" target=\"_blank\" rel=\"noreferrer noopener\">Cooper Flagg<\/a>, den Nr. 1-Pick im Draft.<\/p>\n<p>Wie von einer h\u00f6heren Macht gelenkt sicherten sich die Dallas Mavericks das Privileg, Flagg nach dem Erdbeben zu draften, das der Trade von Luka Doncic ausgel\u00f6st hatte. Jetzt, weit weg vom &#8216;Herzschmerz&#8217;, geht das texanische Team mit Optimismus in die Saison 2025-26 \u2013 auch wenn noch ein paar Zweifel bleiben.<\/p>\n<p>Auch wenn Jason Kidd scheinbar genau wusste, welches System er mit seinem aktuellen Kader (w\u00e4hrend er auf die R\u00fcckkehr von Kyrie Irving wartet) fahren will, testete er Cooper Flagg heute Morgen direkt als Point Guard gegen die Utah Jazz. Ja, D&#8217;Angelo Russell fehlte, aber es sorgt dennoch f\u00fcr Aufsehen, den Rookie in dieser Rolle zu sehen.<\/p>\n<div style=\"height:30px\" aria-hidden=\"true\" class=\"wp-block-spacer\"><\/div>\n<figure class=\"wp-block-embed is-type-video is-provider-youtube wp-block-embed-youtube wp-embed-aspect-16-9 wp-has-aspect-ratio\">\n<div class=\"wp-block-embed__wrapper\">\n<iframe title=\"Cooper Flagg (11 PTS 7 REB) at Utah Jazz | Preseason | October 13, 2025\" width=\"1200\" height=\"675\" src=\"https:\/\/www.youtube.com\/embed\/caYsD3FHb1M?feature=oembed\" frameborder=\"0\" allow=\"accelerometer; autoplay; clipboard-write; encrypted-media; gyroscope; picture-in-picture; web-share\" referrerpolicy=\"strict-origin-when-cross-origin\" allowfullscreen><\/iframe>\n<\/div>\n<\/figure>\n<div style=\"height:30px\" aria-hidden=\"true\" class=\"wp-block-spacer\"><\/div>\n<p>Der Endstand war ein Sieg f\u00fcr die Mavericks, 114:101, doch als Floor General konnte Flagg nicht voll aufbl\u00fchen. In 21 Minuten erzielte er 11 Punkte, 4 Rebounds, 1 Assist, 2 Steals und 2 Blocks, traf aber nur 3 von 13 W\u00fcrfen aus dem Feld.<\/p>\n<h3 class=\"wp-block-heading\">Entschlossen, Cooper Flaggs Potenzial zu entfalten<\/h3>\n<p>Genau so ist es. Kidd hat mehrfach betont, dass sie mit dem Nr. 1-Pick im Draft geduldig sein m\u00fcssen, doch er wei\u00df auch, wie wichtig es ist, Flagg immer wieder herauszufordern, damit er sein volles Potenzial aussch\u00f6pft. Dallas ist \u00fcberzeugt, ein Allround-Talent in seinen Reihen zu haben \u2013 eines, das sie in keiner Weise beschr\u00e4nken wollen.<\/p>\n<p><em>(Photo by Peter Creveling-Imagn Images)<\/em><\/p>\n","protected":false},"excerpt":{"rendered":"<p>Endlich ist es so weit! Nach einem langen Sommer (und einem Teil des Herbstes) kehrt die NBA zur\u00fcck, damit die Fans der Liga eine weitere &#8230; <a title=\"Jason Kidd fordert Cooper Flagg heraus\" class=\"read-more\" href=\"https:\/\/www.nbamaniacs.com\/de\/nachrichten\/jason-kidd-fordert-cooper-flagg-heraus\/\" aria-label=\"Mehr Informationen \u00fcber Jason Kidd fordert Cooper Flagg heraus\">Mehr lesen<\/a><\/p>\n","protected":false},"author":14497,"featured_media":414136,"comment_status":"closed","ping_status":"","sticky":false,"template":"","format":"standard","meta":{"ub_ctt_via":"","footnotes":""},"categories":[6],"tags":[5326,21,40],"class_list":["post-414137","post","type-post","status-publish","format-standard","has-post-thumbnail","hentry","category-nachrichten","tag-cooper-flagg","tag-dallas-mavericks","tag-jason-kidd","no-featured-image-padding","resize-featured-image"],"featured_image_src":"https:\/\/www.nbamaniacs.com\/de\/wp-content\/uploads\/2025\/10\/cooper-flagg-erobert-das-rampenlicht-am-14-m-arz.jpg","author_info":{"display_name":"Niko Jens Schwann","author_link":"https:\/\/www.nbamaniacs.com\/de\/autor\/niko-jens-schwann\/"},"_links":{"self":[{"href":"https:\/\/www.nbamaniacs.com\/de\/wp-json\/wp\/v2\/posts\/414137","targetHints":{"allow":["GET"]}}],"collection":[{"href":"https:\/\/www.nbamaniacs.com\/de\/wp-json\/wp\/v2\/posts"}],"about":[{"href":"https:\/\/www.nbamaniacs.com\/de\/wp-json\/wp\/v2\/types\/post"}],"author":[{"embeddable":true,"href":"https:\/\/www.nbamaniacs.com\/de\/wp-json\/wp\/v2\/users\/14497"}],"replies":[{"embeddable":true,"href":"https:\/\/www.nbamaniacs.com\/de\/wp-json\/wp\/v2\/comments?post=414137"}],"version-history":[{"count":0,"href":"https:\/\/www.nbamaniacs.com\/de\/wp-json\/wp\/v2\/posts\/414137\/revisions"}],"wp:featuredmedia":[{"embeddable":true,"href":"https:\/\/www.nbamaniacs.com\/de\/wp-json\/wp\/v2\/media\/414136"}],"wp:attachment":[{"href":"https:\/\/www.nbamaniacs.com\/de\/wp-json\/wp\/v2\/media?parent=414137"}],"wp:term":[{"taxonomy":"category","embeddable":true,"href":"https:\/\/www.nbamaniacs.com\/de\/wp-json\/wp\/v2\/categories?post=414137"},{"taxonomy":"post_tag","embeddable":true,"href":"https:\/\/www.nbamaniacs.com\/de\/wp-json\/wp\/v2\/tags?post=414137"}],"curies":[{"name":"wp","href":"https:\/\/api.w.org\/{rel}","templated":true}]}}