{"id":414205,"date":"2025-10-16T12:05:04","date_gmt":"2025-10-16T10:05:04","guid":{"rendered":"https:\/\/www.nbamaniacs.com\/de\/nachrichten\/jason-kidd-laesst-cooper-flagg-zappeln-start-als-pg-unsicher\/"},"modified":"2025-10-16T12:05:04","modified_gmt":"2025-10-16T10:05:04","slug":"jason-kidd-laesst-cooper-flagg-zappeln-start-als-pg-unsicher","status":"publish","type":"post","link":"https:\/\/www.nbamaniacs.com\/de\/nachrichten\/jason-kidd-laesst-cooper-flagg-zappeln-start-als-pg-unsicher\/","title":{"rendered":"Jason Kidd l\u00e4sst Cooper Flagg zappeln: Start als PG unsicher"},"content":{"rendered":"<p>Mavericks-Head Coach Jason Kidd lobte Cooper Flagg f\u00fcr seine Rolle als Starting Point Guard. Er betonte jedoch, dass es keine Garantie gebe, dass Flagg auch n\u00e4chste Saison in dieser Position starten wird.<\/p>\n<p>Vielleicht wird D\u2019Angelo Russell die erste Wahl sein, w\u00e4hrend Kyrie Irving seine Verletzung auskuriert. Trotzdem hat der <em>Rookie<\/em> in dieser Preseason 2025 eine fantastische Leistung gezeigt.<\/p>\n<p>\u201eEs gibt hier viele gro\u00dfartige Geschichten, aber wir m\u00fcssen trotzdem eine Entscheidung treffen\u201c, sagte Jason Kidd gegen\u00fcber <em>ESPN<\/em>.<\/p>\n<p>Flagg spielte in den ersten beiden Partien als Small Forward\/Power Forward, anschlie\u00dfend r\u00fcckte er in den folgenden zwei Begegnungen in die Rolle des Starting Point Guards.<\/p>\n<p>Als <em>Playmaker<\/em> kam er gemeinsam mit Derek Lively III, P.J. Washington, Klay Thompson und Anthony Davis auf Durchschnittswerte von <strong>12 Punkten, 4,5 Rebounds und 2 Assists<\/strong>.<\/p>\n<p>Gestern Abend, in einem deutlichen <strong>121:94<\/strong>-Sieg gegen die Lakers, stand er fast 30 Minuten auf dem Parkett und steuerte <strong>13 Punkte, 2 Rebounds und 3 Assists<\/strong> bei (5 von 11 W\u00fcrfen).<\/p>\n<p>\u201eFlagg hat einen fantastischen Job gemacht und das Team sehr gut gef\u00fchrt. Was oft \u00fcbersehen wird: Seine Mitspieler haben daran gro\u00dfen Spa\u00df\u201c, sagte Kidd.<\/p>\n<p>\u201eIch versuche mich nur anzupassen\u201c, sagte Flagg.<\/p>\n<p>\u201eIch hatte ein paar mentale Aussetzer in Time-and-Score-Situationen. Ich muss jederzeit auf die Shot Clock achten. Au\u00dferdem muss ich defensiv konzentriert bleiben. Ich kann nicht zulassen, dass ein hei\u00dfer Werfer immer wieder den Ball bekommt. Ich kann das beheben\u201c, schloss er ab.<\/p>\n<p><em>(Cover photo: Imagn Images)<\/em><\/p>\n","protected":false},"excerpt":{"rendered":"<p>Mavericks-Head Coach Jason Kidd lobte Cooper Flagg f\u00fcr seine Rolle als Starting Point Guard. Er betonte jedoch, dass es keine Garantie gebe, dass Flagg auch &#8230; <a title=\"Jason Kidd l\u00e4sst Cooper Flagg zappeln: Start als PG unsicher\" class=\"read-more\" href=\"https:\/\/www.nbamaniacs.com\/de\/nachrichten\/jason-kidd-laesst-cooper-flagg-zappeln-start-als-pg-unsicher\/\" aria-label=\"Mehr Informationen \u00fcber Jason Kidd l\u00e4sst Cooper Flagg zappeln: Start als PG unsicher\">Mehr lesen<\/a><\/p>\n","protected":false},"author":14497,"featured_media":414204,"comment_status":"closed","ping_status":"","sticky":false,"template":"","format":"standard","meta":{"ub_ctt_via":"","footnotes":""},"categories":[6],"tags":[21,40],"class_list":["post-414205","post","type-post","status-publish","format-standard","has-post-thumbnail","hentry","category-nachrichten","tag-dallas-mavericks","tag-jason-kidd","no-featured-image-padding","resize-featured-image"],"featured_image_src":"https:\/\/www.nbamaniacs.com\/de\/wp-content\/uploads\/2025\/10\/doncic-f-uhrt-die-mavs-zum-comeback-sieg.jpg","author_info":{"display_name":"Niko Jens Schwann","author_link":"https:\/\/www.nbamaniacs.com\/de\/autor\/niko-jens-schwann\/"},"_links":{"self":[{"href":"https:\/\/www.nbamaniacs.com\/de\/wp-json\/wp\/v2\/posts\/414205","targetHints":{"allow":["GET"]}}],"collection":[{"href":"https:\/\/www.nbamaniacs.com\/de\/wp-json\/wp\/v2\/posts"}],"about":[{"href":"https:\/\/www.nbamaniacs.com\/de\/wp-json\/wp\/v2\/types\/post"}],"author":[{"embeddable":true,"href":"https:\/\/www.nbamaniacs.com\/de\/wp-json\/wp\/v2\/users\/14497"}],"replies":[{"embeddable":true,"href":"https:\/\/www.nbamaniacs.com\/de\/wp-json\/wp\/v2\/comments?post=414205"}],"version-history":[{"count":0,"href":"https:\/\/www.nbamaniacs.com\/de\/wp-json\/wp\/v2\/posts\/414205\/revisions"}],"wp:featuredmedia":[{"embeddable":true,"href":"https:\/\/www.nbamaniacs.com\/de\/wp-json\/wp\/v2\/media\/414204"}],"wp:attachment":[{"href":"https:\/\/www.nbamaniacs.com\/de\/wp-json\/wp\/v2\/media?parent=414205"}],"wp:term":[{"taxonomy":"category","embeddable":true,"href":"https:\/\/www.nbamaniacs.com\/de\/wp-json\/wp\/v2\/categories?post=414205"},{"taxonomy":"post_tag","embeddable":true,"href":"https:\/\/www.nbamaniacs.com\/de\/wp-json\/wp\/v2\/tags?post=414205"}],"curies":[{"name":"wp","href":"https:\/\/api.w.org\/{rel}","templated":true}]}}