{"id":414486,"date":"2025-10-29T12:17:19","date_gmt":"2025-10-29T11:17:19","guid":{"rendered":"https:\/\/www.nbamaniacs.com\/de\/nachrichten\/pacers-muessen-ihre-haltung-aendern\/"},"modified":"2025-10-29T12:17:19","modified_gmt":"2025-10-29T11:17:19","slug":"pacers-muessen-ihre-haltung-aendern","status":"publish","type":"post","link":"https:\/\/www.nbamaniacs.com\/de\/nachrichten\/pacers-muessen-ihre-haltung-aendern\/","title":{"rendered":"Pacers m\u00fcssen ihre Haltung \u00e4ndern"},"content":{"rendered":"<p>In der Saisonvorschau zu den Indiana Pacers erw\u00e4hnten wir, dass ihre Kultur und ihr Wettbewerbsgeist es ihnen nicht erlauben w\u00fcrden, die NBA-Saison 2025-26 kampflos an sich vorbeiziehen zu lassen \u2013 schlie\u00dflich ist es in 49 Bundesstaaten nur Basketball, aber hier ist es Indiana. Wir stehen weiter dazu, doch das hei\u00dft nicht, dass sie nicht gezwungen sein k\u00f6nnten, ihre Meinung zu \u00e4ndern.<\/p>\n<p>Genau so ist es. Als ob es nicht schon genug w\u00e4re, dass Tyrese Haliburton die ganze Saison fehlt und T.J. McConnell f\u00fcr einen Monat ausf\u00e4llt, haben wir k\u00fcrzlich von Verletzungen bei zwei weiteren Schl\u00fcsselspielern von Rick Carlisle erfahren: Bennedict Mathurin und Obi Toppin.<\/p>\n<p>Der Erstgenannte hat sich eine Verstauchung des gro\u00dfen Zehs am rechten Fu\u00df zugezogen und wird von Woche zu Woche neu bewertet. Schwerwiegender ist der R\u00fcckschlag des Ex-Knicks, denn er laboriert an einer Zerrung in der Oberschenkelr\u00fcckseite, die ihn mindestens einen Monat au\u00dfer Gefecht setzt.<\/p>\n<p>Die Wahrheit ist: Es wirkt, als l\u00e4ge ein Fluch auf ihnen. Der aktuelle NBA-Vizemeister verlor schon am Er\u00f6ffnungsspieltag Andrew Nembhard, der sich eine Zerrung in der linken Schulter zuzog, und noch immer gibt es keinen Termin f\u00fcr seine R\u00fcckkehr.<\/p>\n<div style=\"height:30px\" aria-hidden=\"true\" class=\"wp-block-spacer\"><\/div>\n<figure class=\"wp-block-embed is-type-video is-provider-youtube wp-block-embed-youtube wp-embed-aspect-16-9 wp-has-aspect-ratio\">\n<div class=\"wp-block-embed__wrapper\">\n<iframe title=\"Indiana Pacers Highlights vs. Oklahoma City Thunder | October 23, 2025\" width=\"1200\" height=\"675\" src=\"https:\/\/www.youtube.com\/embed\/QAnZ2E0Qws8?feature=oembed\" frameborder=\"0\" allow=\"accelerometer; autoplay; clipboard-write; encrypted-media; gyroscope; picture-in-picture; web-share\" referrerpolicy=\"strict-origin-when-cross-origin\" allowfullscreen><\/iframe>\n<\/div>\n<\/figure>\n<div style=\"height:30px\" aria-hidden=\"true\" class=\"wp-block-spacer\"><\/div>\n<p>Zur\u00fcck zu Mathurin: Es ist wirklich bedauerlich, dass er nach einem grandiosen Saisonstart aussetzen muss; in zwei Spielen legte er im Schnitt 31 Punkte und 7 Rebounds auf und traf dabei 55 Prozent seiner W\u00fcrfe.<\/p>\n<h2 class=\"wp-block-heading\">Ein Pacers-Team, das auf R\u00fcckschl\u00e4ge zu antworten wei\u00df<\/h2>\n<p>Die aktuelle Bilanz von 0\u20133 lastet schwer auf Indianapolis, zumal diese Marke mit einer Verletzungswelle zusammenf\u00e4llt, die ihnen f\u00fcr das n\u00e4chste Spiel gegen die Dallas Mavericks nur acht verf\u00fcgbare Spieler l\u00e4sst. Es gibt wenig, woran man sich festhalten kann, doch zumindest zeigen die Statistiken, dass sie schon in den Spielzeiten 2015-16 und 2019-20 mit 0\u20133 starteten und beide Male die Playoffs erreichten.<\/p>\n<p><em>(Photo by Kamil Krzaczynski-Imagn Images)<\/em><\/p>\n","protected":false},"excerpt":{"rendered":"<p>In der Saisonvorschau zu den Indiana Pacers erw\u00e4hnten wir, dass ihre Kultur und ihr Wettbewerbsgeist es ihnen nicht erlauben w\u00fcrden, die NBA-Saison 2025-26 kampflos an &#8230; <a title=\"Pacers m\u00fcssen ihre Haltung \u00e4ndern\" class=\"read-more\" href=\"https:\/\/www.nbamaniacs.com\/de\/nachrichten\/pacers-muessen-ihre-haltung-aendern\/\" aria-label=\"Mehr Informationen \u00fcber Pacers m\u00fcssen ihre Haltung \u00e4ndern\">Mehr lesen<\/a><\/p>\n","protected":false},"author":14497,"featured_media":414485,"comment_status":"closed","ping_status":"","sticky":false,"template":"","format":"standard","meta":{"ub_ctt_via":"","footnotes":""},"categories":[6],"tags":[4744,119,4096],"class_list":["post-414486","post","type-post","status-publish","format-standard","has-post-thumbnail","hentry","category-nachrichten","tag-bennedict-mathurin","tag-indiana-pacers","tag-obi-toppin","no-featured-image-padding","resize-featured-image"],"featured_image_src":"https:\/\/www.nbamaniacs.com\/de\/wp-content\/uploads\/2025\/10\/toppin-und-mathurin-brillieren-am-mittwoch.jpg","author_info":{"display_name":"Niko Jens Schwann","author_link":"https:\/\/www.nbamaniacs.com\/de\/autor\/niko-jens-schwann\/"},"_links":{"self":[{"href":"https:\/\/www.nbamaniacs.com\/de\/wp-json\/wp\/v2\/posts\/414486","targetHints":{"allow":["GET"]}}],"collection":[{"href":"https:\/\/www.nbamaniacs.com\/de\/wp-json\/wp\/v2\/posts"}],"about":[{"href":"https:\/\/www.nbamaniacs.com\/de\/wp-json\/wp\/v2\/types\/post"}],"author":[{"embeddable":true,"href":"https:\/\/www.nbamaniacs.com\/de\/wp-json\/wp\/v2\/users\/14497"}],"replies":[{"embeddable":true,"href":"https:\/\/www.nbamaniacs.com\/de\/wp-json\/wp\/v2\/comments?post=414486"}],"version-history":[{"count":0,"href":"https:\/\/www.nbamaniacs.com\/de\/wp-json\/wp\/v2\/posts\/414486\/revisions"}],"wp:featuredmedia":[{"embeddable":true,"href":"https:\/\/www.nbamaniacs.com\/de\/wp-json\/wp\/v2\/media\/414485"}],"wp:attachment":[{"href":"https:\/\/www.nbamaniacs.com\/de\/wp-json\/wp\/v2\/media?parent=414486"}],"wp:term":[{"taxonomy":"category","embeddable":true,"href":"https:\/\/www.nbamaniacs.com\/de\/wp-json\/wp\/v2\/categories?post=414486"},{"taxonomy":"post_tag","embeddable":true,"href":"https:\/\/www.nbamaniacs.com\/de\/wp-json\/wp\/v2\/tags?post=414486"}],"curies":[{"name":"wp","href":"https:\/\/api.w.org\/{rel}","templated":true}]}}