{"id":414520,"date":"2025-10-28T14:08:33","date_gmt":"2025-10-28T13:08:33","guid":{"rendered":"https:\/\/www.nbamaniacs.com\/de\/nachrichten\/james-wiseman-kehrt-ins-ungewisse-zurueck\/"},"modified":"2025-10-28T14:08:33","modified_gmt":"2025-10-28T13:08:33","slug":"james-wiseman-kehrt-ins-ungewisse-zurueck","status":"publish","type":"post","link":"https:\/\/www.nbamaniacs.com\/de\/geruchte\/james-wiseman-kehrt-ins-ungewisse-zurueck\/","title":{"rendered":"James Wiseman kehrt ins Ungewisse zur\u00fcck"},"content":{"rendered":"<p>Ein weiterer R\u00fcckschlag f\u00fcr James Wisemans NBA-Zukunft: K\u00fcrzlich wurde er von den Indiana Pacers entlassen.<\/p>\n<p>Der ehemalige Nr. 2-Pick im Draft 2020 kehrte mit einem neuen Zweijahresvertrag \u00fcber 5,7 Millionen Dollar zu den Pacers zur\u00fcck. Er sollte damit die L\u00fccke unter den Brettern f\u00fcllen, die Myles Turner hinterlassen hatte.<\/p>\n<p>Doch diese Chance verpuffte. Nach nur drei Spielen in dieser Saison kehrt er wieder in die Free Agency zur\u00fcck.<\/p>\n<div style=\"height:28px\" aria-hidden=\"true\" class=\"wp-block-spacer\"><\/div>\n<figure class=\"wp-block-embed is-type-wp-embed is-provider-nbamaniacs wp-block-embed-nbamaniacs\">\n<div class=\"wp-block-embed__wrapper\">\n<blockquote class=\"wp-embedded-content\" data-secret=\"HPhaHMjXt1\"><p><a href=\"https:\/\/www.nbamaniacs.com\/noticias\/puede-james-wiseman-reemplazar-a-myles-turner\/\">\u00bfPuede James Wiseman reemplazar a Myles Turner?<\/a><\/p><\/blockquote>\n<p><iframe class=\"wp-embedded-content\" sandbox=\"allow-scripts\" security=\"restricted\" style=\"position: absolute; visibility: hidden;\" title=\"\u00ab\u00bfPuede James Wiseman reemplazar a Myles Turner?\u00bb \u2014 NBAManiacs\" src=\"https:\/\/www.nbamaniacs.com\/noticias\/puede-james-wiseman-reemplazar-a-myles-turner\/embed\/#?secret=iYVuWYgY8X#?secret=HPhaHMjXt1\" data-secret=\"HPhaHMjXt1\" width=\"600\" height=\"338\" frameborder=\"0\" marginwidth=\"0\" marginheight=\"0\" scrolling=\"no\"><\/iframe>\n<\/div>\n<\/figure>\n<div style=\"height:28px\" aria-hidden=\"true\" class=\"wp-block-spacer\"><\/div>\n<p>An seiner Stelle verpflichtete der Klub aus Indianapolis den spektakul\u00e4ren Dunker Mac McClung mit einem nicht garantierten Mehrjahresvertrag. Alles deutet darauf hin, dass er seine Zeit zwischen dem Hauptkader und der G League aufteilen wird.<\/p>\n<p>Wiseman kam nur in einem Spiel zum Einsatz und verbuchte <strong>4 Punkte und 4 Rebounds<\/strong> in 20 Minuten.<\/p>\n<p>Seine NBA-Karrierewerte liegen bei <strong>9,1 Punkten und 5,7 Rebounds<\/strong> in 149 offiziellen Partien.<\/p>\n<p><em>(Cover photo: Imagn Images)<\/em><\/p>\n","protected":false},"excerpt":{"rendered":"<p>Ein weiterer R\u00fcckschlag f\u00fcr James Wisemans NBA-Zukunft: K\u00fcrzlich wurde er von den Indiana Pacers entlassen. Der ehemalige Nr. 2-Pick im Draft 2020 kehrte mit einem &#8230; <a title=\"James Wiseman kehrt ins Ungewisse zur\u00fcck\" class=\"read-more\" href=\"https:\/\/www.nbamaniacs.com\/de\/geruchte\/james-wiseman-kehrt-ins-ungewisse-zurueck\/\" aria-label=\"Mehr Informationen \u00fcber James Wiseman kehrt ins Ungewisse zur\u00fcck\">Mehr lesen<\/a><\/p>\n","protected":false},"author":14497,"featured_media":414519,"comment_status":"closed","ping_status":"","sticky":false,"template":"","format":"standard","meta":{"ub_ctt_via":"","footnotes":""},"categories":[588],"tags":[119,4033,4670],"class_list":["post-414520","post","type-post","status-publish","format-standard","has-post-thumbnail","hentry","category-geruchte","tag-indiana-pacers","tag-james-wiseman","tag-mac-mcclung","no-featured-image-padding","resize-featured-image"],"featured_image_src":"https:\/\/www.nbamaniacs.com\/de\/wp-content\/uploads\/2025\/10\/keine-spanische-headline-verf-ugbar-1.jpg","author_info":{"display_name":"Niko Jens Schwann","author_link":"https:\/\/www.nbamaniacs.com\/de\/autor\/niko-jens-schwann\/"},"_links":{"self":[{"href":"https:\/\/www.nbamaniacs.com\/de\/wp-json\/wp\/v2\/posts\/414520","targetHints":{"allow":["GET"]}}],"collection":[{"href":"https:\/\/www.nbamaniacs.com\/de\/wp-json\/wp\/v2\/posts"}],"about":[{"href":"https:\/\/www.nbamaniacs.com\/de\/wp-json\/wp\/v2\/types\/post"}],"author":[{"embeddable":true,"href":"https:\/\/www.nbamaniacs.com\/de\/wp-json\/wp\/v2\/users\/14497"}],"replies":[{"embeddable":true,"href":"https:\/\/www.nbamaniacs.com\/de\/wp-json\/wp\/v2\/comments?post=414520"}],"version-history":[{"count":0,"href":"https:\/\/www.nbamaniacs.com\/de\/wp-json\/wp\/v2\/posts\/414520\/revisions"}],"wp:featuredmedia":[{"embeddable":true,"href":"https:\/\/www.nbamaniacs.com\/de\/wp-json\/wp\/v2\/media\/414519"}],"wp:attachment":[{"href":"https:\/\/www.nbamaniacs.com\/de\/wp-json\/wp\/v2\/media?parent=414520"}],"wp:term":[{"taxonomy":"category","embeddable":true,"href":"https:\/\/www.nbamaniacs.com\/de\/wp-json\/wp\/v2\/categories?post=414520"},{"taxonomy":"post_tag","embeddable":true,"href":"https:\/\/www.nbamaniacs.com\/de\/wp-json\/wp\/v2\/tags?post=414520"}],"curies":[{"name":"wp","href":"https:\/\/api.w.org\/{rel}","templated":true}]}}