{"id":414956,"date":"2025-11-07T13:15:20","date_gmt":"2025-11-07T12:15:20","guid":{"rendered":"https:\/\/www.nbamaniacs.com\/de\/nachrichten\/warriors-reisen-ohne-stephen-curry-nach-denver\/"},"modified":"2025-11-07T13:15:20","modified_gmt":"2025-11-07T12:15:20","slug":"warriors-reisen-ohne-stephen-curry-nach-denver","status":"publish","type":"post","link":"https:\/\/www.nbamaniacs.com\/de\/nachrichten\/warriors-reisen-ohne-stephen-curry-nach-denver\/","title":{"rendered":"Warriors reisen ohne Stephen Curry nach Denver"},"content":{"rendered":"<p>Die Golden State Warriors starteten in die NBA-Saison 2025\u201326 als eine Art Geheimfavorit mit der Chance, ganz oben mitzuspielen. Obwohl sie nicht als Top-Favoriten galten, war es bei zwei Spielern wie <a href=\"https:\/\/www.nbamaniacs.com\/stephen-curry\/\" target=\"_blank\" rel=\"noreferrer noopener\">Stephen Curry<\/a> und Jimmy Butler keine \u00dcberraschung, dass sie so eingestuft wurden \u2013 zumal sie vier ihrer ersten f\u00fcnf Spiele gewannen. Jetzt hat sich dieser Blick etwas eingetr\u00fcbt.<\/p>\n<p>Mit nur einem Sieg in den letzten vier Begegnungen m\u00fcssen die Kalifornier nun ohne ihren gr\u00f6\u00dften Star zu den Denver Nuggets reisen: Stephen Curry, der krank von einer Westk\u00fcstentour zur\u00fcckkehrte \u2013 mit Partien in Milwaukee und Indianapolis \u2013 und noch nicht fit genug ist, um aufzulaufen.<\/p>\n<p>Laut <em>ESPN<\/em> versp\u00fcrte der vierfache Champion bereits vor dem Heimspiel am Dienstagabend gegen die Phoenix Suns erste Symptome. Obwohl er sich nicht gut f\u00fchlte, stand er 34 Minuten auf dem Parkett und kam auf 28 Punkte. Danach klagte er \u00fcber Husten und verstopfte Nasenwege, und dazu ist er nun noch st\u00e4rker ersch\u00f6pft.<\/p>\n<div style=\"height:30px\" aria-hidden=\"true\" class=\"wp-block-spacer\"><\/div>\n<figure class=\"wp-block-embed is-type-video is-provider-youtube wp-block-embed-youtube wp-embed-aspect-16-9 wp-has-aspect-ratio\">\n<div class=\"wp-block-embed__wrapper\">\n<iframe title=\"Steph Curry Masterclass! CLUTCH Performance vs. Nuggets\" width=\"1200\" height=\"675\" src=\"https:\/\/www.youtube.com\/embed\/KG-3cobxL1k?feature=oembed\" frameborder=\"0\" allow=\"accelerometer; autoplay; clipboard-write; encrypted-media; gyroscope; picture-in-picture; web-share\" referrerpolicy=\"strict-origin-when-cross-origin\" allowfullscreen><\/iframe>\n<\/div>\n<\/figure>\n<div style=\"height:30px\" aria-hidden=\"true\" class=\"wp-block-spacer\"><\/div>\n<p>Angesichts der Lage setzte die San-Francisco-Organisation ihn f\u00fcr das Spiel gegen Sacramento aus, und die gleiche Entscheidung gilt nun f\u00fcr die Reise nach Colorado, wo der Point Guard seine zweite Partie in Folge verpassen wird.<\/p>\n<h2 class=\"wp-block-heading\">Kerr best\u00e4tigt Verschlechterung von Stephen Currys Zustand<\/h2>\n<p>Auf die Verfassung seines Stars angesprochen, betonte Steve Kerr, dass Curry ihm nach ein paar Nachrichten mitteilte, seine Symptome seien schlimmer geworden. Dennoch gibt es noch keine endg\u00fcltige Absage f\u00fcr den Sonntag, wenn die Pacers in San Francisco gastieren.<\/p>\n<p>Zur\u00fcck in Denver sieht es danach aus, dass Jimmy Butler und Draymond Green dabei sein k\u00f6nnen. Green steht als \u201eprobable\u201c auf dem Spielbericht, nachdem er eine Rippenprellung \u00fcberwunden hat, w\u00e4hrend der Forward mit einer R\u00fcckenblessur als \u201equestionable\u201c gelistet ist. Beide pausierten gegen Sacramento, doch Kerr hofft, dass sie in Denver wieder zur Verf\u00fcgung stehen.<\/p>\n<p><em>(Photo by Eakin Howard\u2013Imagn Images)<\/em><\/p>\n","protected":false},"excerpt":{"rendered":"<p>Die Golden State Warriors starteten in die NBA-Saison 2025\u201326 als eine Art Geheimfavorit mit der Chance, ganz oben mitzuspielen. Obwohl sie nicht als Top-Favoriten galten, &#8230; <a title=\"Warriors reisen ohne Stephen Curry nach Denver\" class=\"read-more\" href=\"https:\/\/www.nbamaniacs.com\/de\/nachrichten\/warriors-reisen-ohne-stephen-curry-nach-denver\/\" aria-label=\"Mehr Informationen \u00fcber Warriors reisen ohne Stephen Curry nach Denver\">Mehr lesen<\/a><\/p>\n","protected":false},"author":14497,"featured_media":414955,"comment_status":"closed","ping_status":"","sticky":false,"template":"","format":"standard","meta":{"ub_ctt_via":"","footnotes":""},"categories":[6],"tags":[26,336],"class_list":["post-414956","post","type-post","status-publish","format-standard","has-post-thumbnail","hentry","category-nachrichten","tag-golden-state-warriors","tag-stephen-curry","no-featured-image-padding","resize-featured-image"],"featured_image_src":"https:\/\/www.nbamaniacs.com\/de\/wp-content\/uploads\/2025\/11\/stephen-curry-gl-anzt-in-spiel-7.jpg","author_info":{"display_name":"Niko Jens Schwann","author_link":"https:\/\/www.nbamaniacs.com\/de\/autor\/niko-jens-schwann\/"},"_links":{"self":[{"href":"https:\/\/www.nbamaniacs.com\/de\/wp-json\/wp\/v2\/posts\/414956","targetHints":{"allow":["GET"]}}],"collection":[{"href":"https:\/\/www.nbamaniacs.com\/de\/wp-json\/wp\/v2\/posts"}],"about":[{"href":"https:\/\/www.nbamaniacs.com\/de\/wp-json\/wp\/v2\/types\/post"}],"author":[{"embeddable":true,"href":"https:\/\/www.nbamaniacs.com\/de\/wp-json\/wp\/v2\/users\/14497"}],"replies":[{"embeddable":true,"href":"https:\/\/www.nbamaniacs.com\/de\/wp-json\/wp\/v2\/comments?post=414956"}],"version-history":[{"count":0,"href":"https:\/\/www.nbamaniacs.com\/de\/wp-json\/wp\/v2\/posts\/414956\/revisions"}],"wp:featuredmedia":[{"embeddable":true,"href":"https:\/\/www.nbamaniacs.com\/de\/wp-json\/wp\/v2\/media\/414955"}],"wp:attachment":[{"href":"https:\/\/www.nbamaniacs.com\/de\/wp-json\/wp\/v2\/media?parent=414956"}],"wp:term":[{"taxonomy":"category","embeddable":true,"href":"https:\/\/www.nbamaniacs.com\/de\/wp-json\/wp\/v2\/categories?post=414956"},{"taxonomy":"post_tag","embeddable":true,"href":"https:\/\/www.nbamaniacs.com\/de\/wp-json\/wp\/v2\/tags?post=414956"}],"curies":[{"name":"wp","href":"https:\/\/api.w.org\/{rel}","templated":true}]}}