{"id":402860,"date":"2025-07-23T18:20:06","date_gmt":"2025-07-23T16:20:06","guid":{"rendered":"https:\/\/www.nbamaniacs.com\/nl\/nieuws\/irving-onthult-interne-geheimen-van-nets-big-three\/"},"modified":"2025-07-23T18:20:06","modified_gmt":"2025-07-23T16:20:06","slug":"irving-onthult-interne-geheimen-van-nets-big-three","status":"publish","type":"post","link":"https:\/\/www.nbamaniacs.com\/nl\/nieuws\/irving-onthult-interne-geheimen-van-nets-big-three\/","title":{"rendered":"Irving onthult interne geheimen van Nets Big Three"},"content":{"rendered":"<p>Kyrie Irving maakt optimaal gebruik van zijn herstel door een reputatie op te bouwen als <em><a href=\"https:\/\/www.twitch.tv\/kyrieirving\" target=\"_blank\" rel=\"noopener nofollow\">streamer<\/a><\/em>. De point guard springt \u2019s avonds steevast op Twitch om over van alles en nog wat te praten met zijn publiek, zonder veel beperkingen. De afgelopen weken heeft hij het gehad over de trade rond Luka Doncic en zijn eigen standpunt daarover. Gisteren besloot hij te onthullen wat er werkelijk gebeurde bij de Brooklyn Nets met Kevin Durant en James Harden.<\/p>\n<p>Dit begon nadat hij een fragment zag uit de show <em>Mind the Game<\/em>, waarin <a href=\"https:\/\/www.nbamaniacs.com\/kevin-durant\/\" data-type=\"post_tag\" data-id=\"114\">Durant<\/a> aan Steve Nash en <a href=\"https:\/\/www.nbamaniacs.com\/lebron-james\/\" data-type=\"post_tag\" data-id=\"17\">LeBron James<\/a> vertelt dat hij zich toegewijd voelde, maar dat alles om hem heen ineenstortte. Irving besloot daarop zijn kant van het verhaal te geven en de doos van Pandora te openen.<\/p>\n<h2 class=\"wp-block-heading\">Kyrie Irving over zijn komst: \u00abZe wilden mij niet, ze wilden KD\u00bb<\/h2>\n<p>In chronologische volgorde legde Irving uit dat hij alleen werd vastgelegd om Durants sign-and-trade te ondersteunen. Kyrie was free agent nadat hij weigerde bij te tekenen bij de Boston Celtics, en hij had tijdens de Olympische Spelen van 2016 in Rio een sterke band met Kevin Durant opgebouwd. Hetzelfde gold voor DeAndre Jordan, de andere speler die zich in de zomer van 2019 aansloot bij het New York-project. Jordan werd destijds gezien als een \u201ccollateral signing\u201d, wat moeilijk te bevatten is voor een ster als Irving. Toch is hij daar duidelijk over.<\/p>\n<figure class=\"wp-block-embed is-type-rich is-provider-twitter wp-block-embed-twitter\">\n<div class=\"wp-block-embed__wrapper\">\n<blockquote class=\"twitter-tweet\" data-width=\"550\" data-dnt=\"true\">\n<p lang=\"es\" dir=\"ltr\">SOBRE SU LLEGADA A BROOKLYN \ud83d\uddfd<\/p>\n<p>\ud83d\udde3\ufe0f &quot;Los Nets no me quer\u00edan. Quer\u00edan a Kevin Durant&quot; <a href=\"https:\/\/t.co\/lGe7IvwHRj\" target=\"_blank\" rel=\"nofollow\">pic.twitter.com\/lGe7IvwHRj<\/a><\/p>\n<p>&mdash; nbamaniacs (@nbamaniacs) <a href=\"https:\/\/twitter.com\/nbamaniacs\/status\/1948080219929419938?ref_src=twsrc%5Etfw\" target=\"_blank\" rel=\"noopener nofollow\">July 23, 2025<\/a><\/p><\/blockquote>\n<p><script async src=\"https:\/\/platform.twitter.com\/widgets.js\" charset=\"utf-8\"><\/script>\n<\/div>\n<\/figure>\n<p>De point guard van de Dallas Mavericks zegt dat er vooraf geen gesprekken zijn geweest met Nets-personeel. \u201cIk wou dat ik hen eerst had leren kennen, want dan hadden ze me niet zo behandeld. Dat is hoe ik het zie. Wilde de Nets me eenmaal bij het team? Natuurlijk. Maar Kenny Atkinson wilde me niet. De Nets wilden me niet. Ze wilden KD,\u201d zegt hij.<\/p>\n<h2 class=\"wp-block-heading\">\u00abWe waren allemaal toegewijd\u00bb<\/h2>\n<p>Terugkomend op wat Durant zei in de podcast met James en Nash, <a href=\"https:\/\/x.com\/Stunna999_\/status\/1947858190021832834\" target=\"_blank\" rel=\"nofollow\">geeft<\/a> Irving ook een andere kijk. \u201cDit raakt me emotioneel [door dat fragment]. We waren allemaal toegewijd aan ons doel. Maar soms volgt niet iedereen je zoals jij dat wilt. Niet iedereen is precies zo toegewijd als jij het verwacht,\u201d legt hij uit.<\/p>\n<figure class=\"wp-block-embed is-type-rich is-provider-twitter wp-block-embed-twitter\">\n<div class=\"wp-block-embed__wrapper\">\n<blockquote class=\"twitter-tweet\" data-width=\"550\" data-dnt=\"true\">\n<p lang=\"es\" dir=\"ltr\">SOBRE LA DIFERENCIA DE PERSPECTIVA CON KEVIN DURANT<\/p>\n<p>\ud83d\udde3\ufe0f &quot;No todo el mundo va a hacer lo que quieres que hagan&quot; <a href=\"https:\/\/t.co\/wCOFfO9jJ3\" target=\"_blank\" rel=\"nofollow\">pic.twitter.com\/wCOFfO9jJ3<\/a><\/p>\n<p>&mdash; nbamaniacs (@nbamaniacs) <a href=\"https:\/\/twitter.com\/nbamaniacs\/status\/1948079845050593446?ref_src=twsrc%5Etfw\" target=\"_blank\" rel=\"noopener nofollow\">July 23, 2025<\/a><\/p><\/blockquote>\n<p><script async src=\"https:\/\/platform.twitter.com\/widgets.js\" charset=\"utf-8\"><\/script>\n<\/div>\n<\/figure>\n<p>\u201cIk koos voor Brooklyn vanwege hem. Dat is juist zo mooi, want niemand gokte op Brooklyn. En als hij dan zoiets zegt\u2026 Steve [Nash] kwam niet eens bij ons op, maar toen hij het voorstelde, protesteerde ik niet. \u2018Als jij Steve wil, dan wil ik Steve ook.\u2019\u201d<\/p>\n<h2 class=\"wp-block-heading\"><strong>\u00abWe waren allemaal geschokt door het vertrek van James Harden\u00bb<\/strong><\/h2>\n<p>Tegen het einde van 2021 ging het mis: blessures en de controverse rond Kyries vaccinatiestandpunt zorgden voor spanningen. Toch had niemand in de kleedkamer verwacht dat James Harden om een trade zou vragen. \u201cHet overviel veel mensen. Het gebeurde ook plots voor mij. De ene dag sprak ik met James [Harden] nog over het winnen van kampioenschappen en de volgende dag vroeg hij om een trade. Ik snap hem helemaal.<\/p>\n<figure class=\"wp-block-embed is-type-rich is-provider-twitter wp-block-embed-twitter\">\n<div class=\"wp-block-embed__wrapper\">\n<blockquote class=\"twitter-tweet\" data-width=\"550\" data-dnt=\"true\">\n<p lang=\"es\" dir=\"ltr\">SOBRE LA MARCHA DE JAMES HARDEN \ud83c\udfc3\u200d\u2642\ufe0f<\/p>\n<p>\ud83d\udde3\ufe0f &quot;Un d\u00eda habl\u00e1bamos de conseguir campeonatos y al siguiente pidi\u00f3 el traspaso&quot; <a href=\"https:\/\/t.co\/eTm8JiGH8d\" target=\"_blank\" rel=\"nofollow\">pic.twitter.com\/eTm8JiGH8d<\/a><\/p>\n<p>&mdash; nbamaniacs (@nbamaniacs) <a href=\"https:\/\/twitter.com\/nbamaniacs\/status\/1948080594362970152?ref_src=twsrc%5Etfw\" target=\"_blank\" rel=\"noopener nofollow\">July 23, 2025<\/a><\/p><\/blockquote>\n<p><script async src=\"https:\/\/platform.twitter.com\/widgets.js\" charset=\"utf-8\"><\/script>\n<\/div>\n<\/figure>\n<h2 class=\"wp-block-heading\">Het vaccinemoment<\/h2>\n<p>Tot slot, voordat zijn agent hem belde met de tip niet te ver te gaan, vertelde Irving dat hij de Nets had gezegd dat ze hem maar moesten ontslaan als blijven onderdeel zou zijn van een vaccinatieverplichting rond COVID-19. \u201cIk had vrienden die pro-vaccin waren. Dat is prima, maar laat mij dan ergens anders heen gaan. Ik heb zelfs tegen de Nets gezegd dat ze me moesten vrijgeven,\u201d herinnert hij zich. \u201cEn uiteraard het geld\u2026 Het was een andere situatie. Ik ben Kyrie\u2014ik zei het volledig bewust van wie ik ben. Maar ze zouden me niet laten gaan.\u201d<\/p>\n<p><em>(Cover photo by Brad Penner-Imagn Images)<\/em><\/p>\n","protected":false},"excerpt":{"rendered":"<p>Kyrie Irving maakt optimaal gebruik van zijn herstel door een reputatie op te bouwen als streamer. De point guard springt \u2019s avonds steevast op Twitch &#8230; <a title=\"Irving onthult interne geheimen van Nets Big Three\" class=\"read-more\" href=\"https:\/\/www.nbamaniacs.com\/nl\/nieuws\/irving-onthult-interne-geheimen-van-nets-big-three\/\" aria-label=\"Lees meer over Irving onthult interne geheimen van Nets Big Three\">Leeg meer<\/a><\/p>\n","protected":false},"author":14501,"featured_media":402859,"comment_status":"open","ping_status":"closed","sticky":false,"template":"","format":"standard","meta":{"ub_ctt_via":"","footnotes":""},"categories":[6],"tags":[71,340,114,662],"class_list":["post-402860","post","type-post","status-publish","format-standard","has-post-thumbnail","hentry","category-nieuws","tag-brooklyn-nets","tag-james-harden","tag-kevin-durant","tag-kyrie-irving","no-featured-image-padding","resize-featured-image"],"featured_image_src":"https:\/\/www.nbamaniacs.com\/nl\/wp-content\/uploads\/2025\/07\/grote-drie-heersen-op-het-veld.jpg","author_info":{"display_name":"Nora Elisabeth van den Heuvel","author_link":"https:\/\/www.nbamaniacs.com\/nl\/auteur\/nora-elisabeth\/"},"_links":{"self":[{"href":"https:\/\/www.nbamaniacs.com\/nl\/wp-json\/wp\/v2\/posts\/402860","targetHints":{"allow":["GET"]}}],"collection":[{"href":"https:\/\/www.nbamaniacs.com\/nl\/wp-json\/wp\/v2\/posts"}],"about":[{"href":"https:\/\/www.nbamaniacs.com\/nl\/wp-json\/wp\/v2\/types\/post"}],"author":[{"embeddable":true,"href":"https:\/\/www.nbamaniacs.com\/nl\/wp-json\/wp\/v2\/users\/14501"}],"replies":[{"embeddable":true,"href":"https:\/\/www.nbamaniacs.com\/nl\/wp-json\/wp\/v2\/comments?post=402860"}],"version-history":[{"count":0,"href":"https:\/\/www.nbamaniacs.com\/nl\/wp-json\/wp\/v2\/posts\/402860\/revisions"}],"wp:featuredmedia":[{"embeddable":true,"href":"https:\/\/www.nbamaniacs.com\/nl\/wp-json\/wp\/v2\/media\/402859"}],"wp:attachment":[{"href":"https:\/\/www.nbamaniacs.com\/nl\/wp-json\/wp\/v2\/media?parent=402860"}],"wp:term":[{"taxonomy":"category","embeddable":true,"href":"https:\/\/www.nbamaniacs.com\/nl\/wp-json\/wp\/v2\/categories?post=402860"},{"taxonomy":"post_tag","embeddable":true,"href":"https:\/\/www.nbamaniacs.com\/nl\/wp-json\/wp\/v2\/tags?post=402860"}],"curies":[{"name":"wp","href":"https:\/\/api.w.org\/{rel}","templated":true}]}}