{"id":403866,"date":"2025-09-01T11:00:00","date_gmt":"2025-09-01T09:00:00","guid":{"rendered":"https:\/\/www.nbamaniacs.com\/nl\/nieuws\/fiba-bant-fan-om-racistische-uitlatingen-tegen-schroder\/"},"modified":"2025-09-01T13:00:17","modified_gmt":"2025-09-01T11:00:17","slug":"fiba-bant-fan-om-racistische-uitlatingen-tegen-schroder","status":"publish","type":"post","link":"https:\/\/www.nbamaniacs.com\/nl\/nieuws\/fiba-bant-fan-om-racistische-uitlatingen-tegen-schroder\/","title":{"rendered":"FIBA bant fan om racistische uitlatingen tegen Schr\u00f6der"},"content":{"rendered":"<p>De confrontatie tussen Duitsland en Litouwen eindigde in een verontrustend <a href=\"https:\/\/www.nbamaniacs.com\/nl\/nieuws\/schroder-veroordeelt-racistische-uitingen-door-litouwse-fans\/\" target=\"_blank\" rel=\"noreferrer noopener\">racistisch incident<\/a> dat FIBA ertoe bracht in te grijpen. Volgens de verklaring van de organisatie heeft de beveiliging in de arena een individu ge\u00efdentificeerd dat racistische opmerkingen maakte richting Dennis Schr\u00f6der. Daardoor mag die persoon geen enkele wedstrijd meer bijwonen tijdens het toernooi.<\/p>\n<p>FIBA maakte eveneens bekend dat het contact zal opnemen met de Litouwse bond om de kwestie te bespreken en samen te zoeken naar manieren om vergelijkbare incidenten in de toekomst te voorkomen.<\/p>\n<h2 class=\"wp-block-heading\">Een echte maatregel?<\/h2>\n<p>Het is echter niet duidelijk of dit echt een effectieve stap is of er vooral \u00e9\u00e9n zondebok wordt aangewezen. Uit Schr\u00f6ders opmerkingen blijkt dat de racistische spreekkoren niet van slechts \u00e9\u00e9n fan kwamen, in tegenstelling tot wat FIBA\u2019s verklaring suggereert\u2014een detail dat de indruk kan wekken dat ze maar \u00e9\u00e9n schuldige als zondebok hebben gekozen.<\/p>\n<p>\u201cLitouwse fans reizen altijd met hun team mee, maar helaas begonnen ze vandaag in de rust apengeluiden te maken,\u201d zei Dennis na de wedstrijd, waarmee hij aangaf dat deze racistische uitingen van een groot deel van het Litouwse vak kwamen.<\/p>\n<p>Voor nu lijkt FIBA het incident afgesloten te beschouwen, al heeft de bond de beelden van de bewakingscamera\u2019s overgedragen aan de lokale autoriteiten, die hun onderzoek voortzetten.<\/p>\n<p><em>(Cover photo: FIBA)<\/em><\/p>\n","protected":false},"excerpt":{"rendered":"<p>De confrontatie tussen Duitsland en Litouwen eindigde in een verontrustend racistisch incident dat FIBA ertoe bracht in te grijpen. Volgens de verklaring van de organisatie &#8230; <a title=\"FIBA bant fan om racistische uitlatingen tegen Schr\u00f6der\" class=\"read-more\" href=\"https:\/\/www.nbamaniacs.com\/nl\/nieuws\/fiba-bant-fan-om-racistische-uitlatingen-tegen-schroder\/\" aria-label=\"Lees meer over FIBA bant fan om racistische uitlatingen tegen Schr\u00f6der\">Leeg meer<\/a><\/p>\n","protected":false},"author":14501,"featured_media":403865,"comment_status":"open","ping_status":"closed","sticky":false,"template":"","format":"standard","meta":{"ub_ctt_via":"","footnotes":""},"categories":[6],"tags":[2334,627],"class_list":["post-403866","post","type-post","status-publish","format-standard","has-post-thumbnail","hentry","category-nieuws","tag-dennis-schroder","tag-eurobasket","no-featured-image-padding","resize-featured-image"],"featured_image_src":"https:\/\/www.nbamaniacs.com\/nl\/wp-content\/uploads\/2025\/09\/schr-oder-schittert-in-cruciale-zege.jpg","author_info":{"display_name":"Nora Elisabeth van den Heuvel","author_link":"https:\/\/www.nbamaniacs.com\/nl\/auteur\/nora-elisabeth\/"},"_links":{"self":[{"href":"https:\/\/www.nbamaniacs.com\/nl\/wp-json\/wp\/v2\/posts\/403866","targetHints":{"allow":["GET"]}}],"collection":[{"href":"https:\/\/www.nbamaniacs.com\/nl\/wp-json\/wp\/v2\/posts"}],"about":[{"href":"https:\/\/www.nbamaniacs.com\/nl\/wp-json\/wp\/v2\/types\/post"}],"author":[{"embeddable":true,"href":"https:\/\/www.nbamaniacs.com\/nl\/wp-json\/wp\/v2\/users\/14501"}],"replies":[{"embeddable":true,"href":"https:\/\/www.nbamaniacs.com\/nl\/wp-json\/wp\/v2\/comments?post=403866"}],"version-history":[{"count":1,"href":"https:\/\/www.nbamaniacs.com\/nl\/wp-json\/wp\/v2\/posts\/403866\/revisions"}],"predecessor-version":[{"id":403881,"href":"https:\/\/www.nbamaniacs.com\/nl\/wp-json\/wp\/v2\/posts\/403866\/revisions\/403881"}],"wp:featuredmedia":[{"embeddable":true,"href":"https:\/\/www.nbamaniacs.com\/nl\/wp-json\/wp\/v2\/media\/403865"}],"wp:attachment":[{"href":"https:\/\/www.nbamaniacs.com\/nl\/wp-json\/wp\/v2\/media?parent=403866"}],"wp:term":[{"taxonomy":"category","embeddable":true,"href":"https:\/\/www.nbamaniacs.com\/nl\/wp-json\/wp\/v2\/categories?post=403866"},{"taxonomy":"post_tag","embeddable":true,"href":"https:\/\/www.nbamaniacs.com\/nl\/wp-json\/wp\/v2\/tags?post=403866"}],"curies":[{"name":"wp","href":"https:\/\/api.w.org\/{rel}","templated":true}]}}