{"id":404993,"date":"2025-10-20T18:18:33","date_gmt":"2025-10-20T16:18:33","guid":{"rendered":"https:\/\/www.nbamaniacs.com\/nl\/nieuws\/ontmoet-de-nieuwe-nba-stemmen-in-spanje\/"},"modified":"2025-10-20T18:18:33","modified_gmt":"2025-10-20T16:18:33","slug":"ontmoet-de-nieuwe-nba-stemmen-in-spanje","status":"publish","type":"post","link":"https:\/\/www.nbamaniacs.com\/nl\/nieuws\/ontmoet-de-nieuwe-nba-stemmen-in-spanje\/","title":{"rendered":"Ontmoet de nieuwe NBA-stemmen in Spanje"},"content":{"rendered":"<p>Minder dan 48 uur voor de start van het nieuwe NBA-seizoen in Spanje weten we al welke verslaggevingsteams voor Prime Video en DAZN klaarstaan, met twee geliefde oud-collega\u2019s van dit platform. Het Britse multinationale bedrijf was vanochtend de laatste die zijn opstelling onthulde, met prominente namen uit de nationale basketbalwereld.<\/p>\n<p>Op Amazons streamingplatform verzorgen <strong>Lalo Alzueta en Marc Mundet<\/strong> het play-by-playcommentaar, terwijl <strong>Andr\u00e9s Monje, Sergio Rabinal en Anna Cruz<\/strong> de colorcommentary op zich nemen. De crew is kleiner omdat de dienst minder wedstrijden heeft dan DAZN. Toch biedt het <a href=\"https:\/\/x.com\/KikeGarcia41\/status\/1979959632752705976\" target=\"_blank\" rel=\"noreferrer noopener nofollow\">League Pass-integratie<\/a> om via de app of webversie te kijken.<\/p>\n<p>DAZN onthulde als laatste nog een sterrencast. <strong>Fran Guill\u00e9n, Gerard Sol\u00e9 of Pepe Bras\u00edn<\/strong>, die al andere competities op het platform versloegen, krijgen versterking van <strong>David P\u00e9rez Pacios, Edu Sal\u00e1n, Pedro Bonofiglio en Javier Carrasco<\/strong>. De colorcommentators zijn <strong>Gonzalo V\u00e1zquez, Juanma Rubio, Javier Machicado, V\u00edctor Arrufat, Atiga Suleiman en Sergi Concha<\/strong>.<\/p>\n<p>Beide opties vallen op omdat ze gevestigde contentmakers een kans geven, ondanks hun beperkte tv-ervaring. Ze brengen een frisse energie in uitzendingen die de afgelopen 30 jaar bij \u00e9\u00e9n zender lagen: Movistar Plus.<\/p>\n<p>Over de betaalzender van Telef\u00f3nica gesproken: vorige week liet Guille Gim\u00e9nez\u2014een befaamde commentator, vooral bekend van zijn werk naast Antoni Daimiel\u2014doorschemeren dat er nog steeds een mogelijkheid is om de NBA dit seizoen op Movistar Plus te zien. Blijkbaar onderhandelt het bedrijf met DAZN om een deel van het pakket over te nemen en een eigen productie te verzorgen. Deze constructie zou vooral de weekendwedstrijden betreffen die Guille en Antoni de afgelopen jaren versloegen.<\/p>\n<p>De vraag blijft of League Pass in Spanje de uitzendingen van DAZN zal bevatten. Het lijkt erop dat ze mogelijk in zee gaan met Amazon, de prioriteitspartner van de NBA in de meest recente tv-deal in de Verenigde Staten. We zullen het snel horen.<\/p>\n<p><em>(Cover photo by DAZN)<\/em><\/p>\n","protected":false},"excerpt":{"rendered":"<p>Minder dan 48 uur voor de start van het nieuwe NBA-seizoen in Spanje weten we al welke verslaggevingsteams voor Prime Video en DAZN klaarstaan, met &#8230; <a title=\"Ontmoet de nieuwe NBA-stemmen in Spanje\" class=\"read-more\" href=\"https:\/\/www.nbamaniacs.com\/nl\/nieuws\/ontmoet-de-nieuwe-nba-stemmen-in-spanje\/\" aria-label=\"Lees meer over Ontmoet de nieuwe NBA-stemmen in Spanje\">Leeg meer<\/a><\/p>\n","protected":false},"author":14501,"featured_media":404992,"comment_status":"open","ping_status":"closed","sticky":false,"template":"","format":"standard","meta":{"ub_ctt_via":"","footnotes":""},"categories":[6],"tags":[],"class_list":["post-404993","post","type-post","status-publish","format-standard","has-post-thumbnail","hentry","category-nieuws","no-featured-image-padding","resize-featured-image"],"featured_image_src":"https:\/\/www.nbamaniacs.com\/nl\/wp-content\/uploads\/2025\/10\/dazn-streamt-live-basketbal.jpg","author_info":{"display_name":"Nora Elisabeth van den Heuvel","author_link":"https:\/\/www.nbamaniacs.com\/nl\/auteur\/nora-elisabeth\/"},"_links":{"self":[{"href":"https:\/\/www.nbamaniacs.com\/nl\/wp-json\/wp\/v2\/posts\/404993","targetHints":{"allow":["GET"]}}],"collection":[{"href":"https:\/\/www.nbamaniacs.com\/nl\/wp-json\/wp\/v2\/posts"}],"about":[{"href":"https:\/\/www.nbamaniacs.com\/nl\/wp-json\/wp\/v2\/types\/post"}],"author":[{"embeddable":true,"href":"https:\/\/www.nbamaniacs.com\/nl\/wp-json\/wp\/v2\/users\/14501"}],"replies":[{"embeddable":true,"href":"https:\/\/www.nbamaniacs.com\/nl\/wp-json\/wp\/v2\/comments?post=404993"}],"version-history":[{"count":0,"href":"https:\/\/www.nbamaniacs.com\/nl\/wp-json\/wp\/v2\/posts\/404993\/revisions"}],"wp:featuredmedia":[{"embeddable":true,"href":"https:\/\/www.nbamaniacs.com\/nl\/wp-json\/wp\/v2\/media\/404992"}],"wp:attachment":[{"href":"https:\/\/www.nbamaniacs.com\/nl\/wp-json\/wp\/v2\/media?parent=404993"}],"wp:term":[{"taxonomy":"category","embeddable":true,"href":"https:\/\/www.nbamaniacs.com\/nl\/wp-json\/wp\/v2\/categories?post=404993"},{"taxonomy":"post_tag","embeddable":true,"href":"https:\/\/www.nbamaniacs.com\/nl\/wp-json\/wp\/v2\/tags?post=404993"}],"curies":[{"name":"wp","href":"https:\/\/api.w.org\/{rel}","templated":true}]}}