{"id":405009,"date":"2025-10-23T08:30:54","date_gmt":"2025-10-23T06:30:54","guid":{"rendered":"https:\/\/www.nbamaniacs.com\/nl\/nieuws\/wembanyama-verwelkomt-jong-fenomeen-cooper-flagg\/"},"modified":"2025-10-23T08:30:54","modified_gmt":"2025-10-23T06:30:54","slug":"wembanyama-verwelkomt-jong-fenomeen-cooper-flagg","status":"publish","type":"post","link":"https:\/\/www.nbamaniacs.com\/nl\/nieuws\/wembanyama-verwelkomt-jong-fenomeen-cooper-flagg\/","title":{"rendered":"Wembanyama verwelkomt jong fenomeen Cooper Flagg"},"content":{"rendered":"<p>Als de NBA-avond al groots was\u2026 wat moeten we dan zeggen over de terugkeer van Victor Wembanyama op het veld! De Franse center heeft het gezondheidsprobleem dat zijn vorige seizoen vroegtijdig be\u00ebindigde van zich afgeschud en liet Cooper Flagg zien wat de Western Conference betekent met een MVP-waardig optreden. Ja, een alien raasde net door Dallas (125:92).<\/p>\n<p>Het leek wel kinderspel, met Wemby die elk wapen liet zien dat hij bezit. De center van de San Antonio Spurs noteerde 40 punten, 15 rebounds en 3 blocks \u2014 waaronder \u00e9\u00e9n tegen Flagg, die nu beseft dat hij nog een lange weg te gaan heeft als hij wil meestrijden met het toptalent van de league.<\/p>\n<p>De waarheid is dat de nummer 1 pick geen geweldig debuut had, maar het is moeilijk om hem daar volledig de schuld van te geven. Het hele team worstelde terwijl ze Wembanyama vrijuit zagen bewegen, plezier maken en domineren, zoals we hieronder zien.<\/p>\n<div style=\"height:30px\" aria-hidden=\"true\" class=\"wp-block-spacer\"><\/div>\n<figure class=\"wp-block-embed is-type-rich is-provider-twitter wp-block-embed-twitter\">\n<div class=\"wp-block-embed__wrapper\">\n<blockquote class=\"twitter-tweet\" data-width=\"550\" data-dnt=\"true\">\n<p lang=\"es\" dir=\"ltr\">Fr\u00f3tate los ojos, no est\u00e1s so\u00f1ando.<\/p>\n<p>Simplemente est\u00e1s viendo el estreno de WEMBANYAMA \ud83d\udc7d<\/p>\n<p>\u25aa\ufe0f40 puntos<br \/>\u25aa\ufe0f15 de 21 TC<br \/>\u25aa\ufe0f15 rebotes<br \/>\u25aa\ufe0f3 tapones<\/p>\n<p>\ud83e\udd2fNO HAY NADA IGUAL.<a href=\"https:\/\/t.co\/xf8yFa77qe\" rel=\"nofollow\">pic.twitter.com\/xf8yFa77qe<\/a><\/p>\n<p>&mdash; NBASpain (@NBAspain) <a href=\"https:\/\/twitter.com\/NBAspain\/status\/1981224061087748405?ref_src=twsrc%5Etfw\" target=\"_blank\" rel=\"noopener nofollow\">October 23, 2025<\/a><\/p><\/blockquote>\n<p><script async src=\"https:\/\/platform.twitter.com\/widgets.js\" charset=\"utf-8\"><\/script>\n<\/div>\n<\/figure>\n<div style=\"height:30px\" aria-hidden=\"true\" class=\"wp-block-spacer\"><\/div>\n<p>Statistisch gezien noteerde Cooper Flagg 10 punten en 10 rebounds voor een double-double, al verloor dat wat glans door zijn 4-uit-13 schotpercentage. Het is pas de eerste stap, maar we kunnen niet negeren dat dit niet allemaal aan hem ligt. Het team staat onder druk om nu te winnen en lijkt geen duidelijk plan te hebben, wat niet helpt.<\/p>\n<h2 class=\"wp-block-heading\">Cooper Flagg, de point guard van Jason Kidd<\/h2>\n<p>We overdrijven niet als we zeggen dat alles in Dallas nu uit vallen en opstaan bestaat. Jason Kidd kondigde in de preseason al aan dat hij de nummer 1 pick als point guard wilde gebruiken, en dat deed hij gisteravond ook met een enorm startende lineup. Dat pakte niet goed uit: de rookie sloot af zonder assists en de hele basisvijf kwam samen tot slechts vijf\u2026<\/p>\n<p>Het is moeilijk voor te stellen hoe een lineup met Cooper Flagg, Klay Thompson, P.J. Washington, Anthony Davis en Dereck Lively kan samensmelten. Misschien loont geduld. Zelfs The Brow was niet in vorm en eindigde op 22 punten met een schamele 7-uit-22.<\/p>\n<h2 class=\"wp-block-heading\">Een goed debuut voor Dylan Harper<\/h2>\n<p>We sluiten af met meer goed nieuws voor de Spurs. Ze hadden hem niet volledig nodig, gezien Wembanyama\u2019s dominantie, maar toch was het geweldig om Dylan Harper te zien opstomen. Vanaf de bank noteerde hij 15 punten, 4 rebounds en 2 assists in 23 minuten. Het is een fantastisch begin voor iemand die het team wil versterken en klaarstaat om mee te doen in de top van de Western Conference.<\/p>\n<p><em>(Foto: Kevin Jairaj-Imagn Images)<\/em><\/p>\n","protected":false},"excerpt":{"rendered":"<p>Als de NBA-avond al groots was\u2026 wat moeten we dan zeggen over de terugkeer van Victor Wembanyama op het veld! De Franse center heeft het &#8230; <a title=\"Wembanyama verwelkomt jong fenomeen Cooper Flagg\" class=\"read-more\" href=\"https:\/\/www.nbamaniacs.com\/nl\/nieuws\/wembanyama-verwelkomt-jong-fenomeen-cooper-flagg\/\" aria-label=\"Lees meer over Wembanyama verwelkomt jong fenomeen Cooper Flagg\">Leeg meer<\/a><\/p>\n","protected":false},"author":14501,"featured_media":405008,"comment_status":"open","ping_status":"closed","sticky":false,"template":"","format":"standard","meta":{"ub_ctt_via":"","footnotes":""},"categories":[6],"tags":[945,5326,21,20,4812],"class_list":["post-405009","post","type-post","status-publish","format-standard","has-post-thumbnail","hentry","category-nieuws","tag-anthony-davis","tag-cooper-flagg","tag-dallas-mavericks","tag-san-antonio-spurs","tag-victor-wembanyama","no-featured-image-padding","resize-featured-image"],"featured_image_src":"https:\/\/www.nbamaniacs.com\/nl\/wp-content\/uploads\/2025\/10\/wemby-en-flagg-schitteren-in-game-23.jpg","author_info":{"display_name":"Nora Elisabeth van den Heuvel","author_link":"https:\/\/www.nbamaniacs.com\/nl\/auteur\/nora-elisabeth\/"},"_links":{"self":[{"href":"https:\/\/www.nbamaniacs.com\/nl\/wp-json\/wp\/v2\/posts\/405009","targetHints":{"allow":["GET"]}}],"collection":[{"href":"https:\/\/www.nbamaniacs.com\/nl\/wp-json\/wp\/v2\/posts"}],"about":[{"href":"https:\/\/www.nbamaniacs.com\/nl\/wp-json\/wp\/v2\/types\/post"}],"author":[{"embeddable":true,"href":"https:\/\/www.nbamaniacs.com\/nl\/wp-json\/wp\/v2\/users\/14501"}],"replies":[{"embeddable":true,"href":"https:\/\/www.nbamaniacs.com\/nl\/wp-json\/wp\/v2\/comments?post=405009"}],"version-history":[{"count":0,"href":"https:\/\/www.nbamaniacs.com\/nl\/wp-json\/wp\/v2\/posts\/405009\/revisions"}],"wp:featuredmedia":[{"embeddable":true,"href":"https:\/\/www.nbamaniacs.com\/nl\/wp-json\/wp\/v2\/media\/405008"}],"wp:attachment":[{"href":"https:\/\/www.nbamaniacs.com\/nl\/wp-json\/wp\/v2\/media?parent=405009"}],"wp:term":[{"taxonomy":"category","embeddable":true,"href":"https:\/\/www.nbamaniacs.com\/nl\/wp-json\/wp\/v2\/categories?post=405009"},{"taxonomy":"post_tag","embeddable":true,"href":"https:\/\/www.nbamaniacs.com\/nl\/wp-json\/wp\/v2\/tags?post=405009"}],"curies":[{"name":"wp","href":"https:\/\/api.w.org\/{rel}","templated":true}]}}